{"id":75570,"date":"2026-01-26T23:10:00","date_gmt":"2026-01-26T23:10:00","guid":{"rendered":"https:\/\/lahora.mx\/?p=75570"},"modified":"2026-01-26T23:48:32","modified_gmt":"2026-01-26T23:48:32","slug":"daniela-stephanie-perez-nueva-titular-de-la-secretaria-de-finanzas-en-puebla","status":"publish","type":"post","link":"https:\/\/lahora.mx\/index.php\/2026\/01\/26\/daniela-stephanie-perez-nueva-titular-de-la-secretaria-de-finanzas-en-puebla\/","title":{"rendered":"Daniela Stephanie P\u00e9rez, nueva titular de la Secretar\u00eda de Finanzas en Puebla"},"content":{"rendered":"\n<p>El gobernador del estado, Alejandro Armenta, anunci\u00f3 el nombramiento de Daniela Stephanie P\u00e9rez Calder\u00f3n como nueva titular de la Secretar\u00eda de Finanzas, destacando que durante su paso como oficial mayor en la SEP fue quien document\u00f3 y exhibi\u00f3 la entrega irregular de plazas en la gesti\u00f3n de Jorge Estefan Chidiac.<\/p>\n\n\n\n<p>En su mensaje, el mandatario subray\u00f3 que la nueva secretaria cuenta con experiencia en auditor\u00eda y control financiero, y record\u00f3 que las irregularidades detectadas en la SEP derivaron en procesos de fiscalizaci\u00f3n, entre ellos los relacionados con la gesti\u00f3n del exsecretario Estefan Chidiac.<\/p>\n\n\n\n<p>\u201cDani es una mujer honesta que no va a permitir ninguna irregularidad que pueda presentarse, y ante cualquier acto de corrupci\u00f3n lo va a se\u00f1alar, tal como lo hizo cuando descubri\u00f3 las anomal\u00edas en la Secretar\u00eda de Educaci\u00f3n P\u00fablica. Eso nos permiti\u00f3 exponer y denunciar a trav\u00e9s de auditor\u00edas. Somos un gobierno que se autocalifica y no deja pasar situaciones irregulares\u201d, afirm\u00f3 Armenta.<\/p>\n\n\n\n<p>El gobernador instruy\u00f3 a P\u00e9rez Calder\u00f3n a mantener una vigilancia estricta sobre el uso de los recursos p\u00fablicos en la administraci\u00f3n estatal, como parte del compromiso de su gobierno con la pol\u00edtica de cero impunidad y cero corrupci\u00f3n.<\/p>\n\n\n\n<p>Durante la presentaci\u00f3n, Armenta destac\u00f3 la trayectoria acad\u00e9mica y profesional de la nueva secretaria de Finanzas. P\u00e9rez Calder\u00f3n es licenciada en Ciencia Pol\u00edtica, cuenta con una maestr\u00eda en Gobierno y Educaci\u00f3n, as\u00ed como otra en Gesti\u00f3n de Proyectos, adem\u00e1s de experiencia en materia financiera y econ\u00f3mica.<\/p>\n\n\n\n<p>Asimismo, se desempe\u00f1\u00f3 durante cinco a\u00f1os como secretaria t\u00e9cnica de la Comisi\u00f3n de Hacienda, periodo en el que Alejandro Armenta presidi\u00f3 dicho \u00f3rgano legislativo, y tambi\u00e9n fungi\u00f3 como secretaria t\u00e9cnica del Senado de la Rep\u00fablica.<\/p>\n\n\n\n<p>El mandatario reiter\u00f3 que, m\u00e1s all\u00e1 de su formaci\u00f3n acad\u00e9mica, Daniela Stephanie P\u00e9rez Calder\u00f3n se distingue por su firmeza y honestidad frente a actos de corrupci\u00f3n, cualidades que consider\u00f3 esenciales para encabezar la Secretar\u00eda de Finanzas.<\/p>\n","protected":false},"excerpt":{"rendered":"<p>El gobernador del estado, Alejandro Armenta, anunci\u00f3 el nombramiento de Daniela Stephanie P\u00e9rez Calder\u00f3n como nueva titular de la Secretar\u00eda de Finanzas, destacando que durante su paso como oficial mayor en la SEP fue quien document\u00f3 y exhibi\u00f3 la entrega irregular de plazas en la gesti\u00f3n de Jorge Estefan Chidiac. En su mensaje, el mandatario [&hellip;]<\/p>\n","protected":false},"author":1,"featured_media":75574,"comment_status":"open","ping_status":"open","sticky":false,"template":"","format":"standard","meta":{"om_disable_all_campaigns":false,"_monsterinsights_skip_tracking":false,"_monsterinsights_sitenote_active":false,"_monsterinsights_sitenote_note":"","_monsterinsights_sitenote_category":0,"footnotes":""},"categories":[2],"tags":[195,223],"class_list":["post-75570","post","type-post","status-publish","format-standard","has-post-thumbnail","hentry","category-negocios","tag-principal","tag-puebla"],"amp_enabled":true,"_links":{"self":[{"href":"https:\/\/lahora.mx\/index.php\/wp-json\/wp\/v2\/posts\/75570","targetHints":{"allow":["GET"]}}],"collection":[{"href":"https:\/\/lahora.mx\/index.php\/wp-json\/wp\/v2\/posts"}],"about":[{"href":"https:\/\/lahora.mx\/index.php\/wp-json\/wp\/v2\/types\/post"}],"author":[{"embeddable":true,"href":"https:\/\/lahora.mx\/index.php\/wp-json\/wp\/v2\/users\/1"}],"replies":[{"embeddable":true,"href":"https:\/\/lahora.mx\/index.php\/wp-json\/wp\/v2\/comments?post=75570"}],"version-history":[{"count":1,"href":"https:\/\/lahora.mx\/index.php\/wp-json\/wp\/v2\/posts\/75570\/revisions"}],"predecessor-version":[{"id":75575,"href":"https:\/\/lahora.mx\/index.php\/wp-json\/wp\/v2\/posts\/75570\/revisions\/75575"}],"wp:featuredmedia":[{"embeddable":true,"href":"https:\/\/lahora.mx\/index.php\/wp-json\/wp\/v2\/media\/75574"}],"wp:attachment":[{"href":"https:\/\/lahora.mx\/index.php\/wp-json\/wp\/v2\/media?parent=75570"}],"wp:term":[{"taxonomy":"category","embeddable":true,"href":"https:\/\/lahora.mx\/index.php\/wp-json\/wp\/v2\/categories?post=75570"},{"taxonomy":"post_tag","embeddable":true,"href":"https:\/\/lahora.mx\/index.php\/wp-json\/wp\/v2\/tags?post=75570"}],"curies":[{"name":"wp","href":"https:\/\/api.w.org\/{rel}","templated":true}]}}