{"id":75567,"date":"2026-01-26T22:09:05","date_gmt":"2026-01-26T22:09:05","guid":{"rendered":"https:\/\/lahora.mx\/?p=75567"},"modified":"2026-01-26T22:44:40","modified_gmt":"2026-01-26T22:44:40","slug":"cae-gustavo-gaytan-tras-dictadura-de-11-anos-en-soapap-fue-complice-de-concesiones-integrales","status":"publish","type":"post","link":"https:\/\/lahora.mx\/index.php\/2026\/01\/26\/cae-gustavo-gaytan-tras-dictadura-de-11-anos-en-soapap-fue-complice-de-concesiones-integrales\/","title":{"rendered":"Sacan a Gustavo Gayt\u00e1n del Soapap tras 11 a\u00f1os en el cargo"},"content":{"rendered":"\n<p>El gobernador Alejandro Armenta Mier confirm\u00f3 la salida de Gustavo Gayt\u00e1n Alcaraz de la direcci\u00f3n del SOAPAP, poniendo fin a una gesti\u00f3n que se extendi\u00f3 por casi 12 a\u00f1os. Josefina Morales Guerrero, quien fung\u00eda como secretaria de Planeaci\u00f3n y Finanzas, asumir\u00e1 la titularidad del organismo con la encomienda de fiscalizar el servicio de agua potable en la zona metropolitana.<\/p>\n\n\n\n<p>Gayt\u00e1n Alcaraz lleg\u00f3 al cargo en 2014 durante el sexenio de Rafael Moreno Valle y logr\u00f3 mantenerse a trav\u00e9s de cinco administraciones, incluyendo las de Antonio Gali Fayad, Guillermo Pacheco Pulido, Luis Miguel Barbosa y Sergio Salom\u00f3n C\u00e9spedes. Su permanencia fue se\u00f1alada como un factor de protecci\u00f3n para los intereses de la empresa Concesiones Integrales.<\/p>\n\n\n\n<p>Durante su conferencia matutina, el Gobernador Alejandro Armenta oficializ\u00f3 el relevo institucional, en lugar de Morales Guerrero, Daniela Stephanie P\u00e9rez Calder\u00f3n tomar\u00e1 las riendas de la Secretar\u00eda de Finanzas.<\/p>\n\n\n\n<p>\u201cNuestra compa\u00f1era Josefina, que hizo un gran trabajo, va a ser la nueva directora del SOAPAP. Vamos a trabajar muy fuerte en el tema del agua en Puebla, y la verdad es que Jos\u00e9 nos va a ayudar much\u00edsimo en esa tarea\u201d.<\/p>\n\n\n\n<p><\/p>\n","protected":false},"excerpt":{"rendered":"<p>El gobernador Alejandro Armenta Mier confirm\u00f3 la salida de Gustavo Gayt\u00e1n Alcaraz de la direcci\u00f3n del SOAPAP, poniendo fin a una gesti\u00f3n que se extendi\u00f3 por casi 12 a\u00f1os. Josefina Morales Guerrero, quien fung\u00eda como secretaria de Planeaci\u00f3n y Finanzas, asumir\u00e1 la titularidad del organismo con la encomienda de fiscalizar el servicio de agua potable [&hellip;]<\/p>\n","protected":false},"author":1,"featured_media":75568,"comment_status":"open","ping_status":"open","sticky":false,"template":"","format":"standard","meta":{"om_disable_all_campaigns":false,"_monsterinsights_skip_tracking":false,"_monsterinsights_sitenote_active":false,"_monsterinsights_sitenote_note":"","_monsterinsights_sitenote_category":0,"footnotes":""},"categories":[175,226],"tags":[195,223],"class_list":["post-75567","post","type-post","status-publish","format-standard","has-post-thumbnail","hentry","category-local","category-policia","tag-principal","tag-puebla"],"amp_enabled":true,"_links":{"self":[{"href":"https:\/\/lahora.mx\/index.php\/wp-json\/wp\/v2\/posts\/75567","targetHints":{"allow":["GET"]}}],"collection":[{"href":"https:\/\/lahora.mx\/index.php\/wp-json\/wp\/v2\/posts"}],"about":[{"href":"https:\/\/lahora.mx\/index.php\/wp-json\/wp\/v2\/types\/post"}],"author":[{"embeddable":true,"href":"https:\/\/lahora.mx\/index.php\/wp-json\/wp\/v2\/users\/1"}],"replies":[{"embeddable":true,"href":"https:\/\/lahora.mx\/index.php\/wp-json\/wp\/v2\/comments?post=75567"}],"version-history":[{"count":2,"href":"https:\/\/lahora.mx\/index.php\/wp-json\/wp\/v2\/posts\/75567\/revisions"}],"predecessor-version":[{"id":75578,"href":"https:\/\/lahora.mx\/index.php\/wp-json\/wp\/v2\/posts\/75567\/revisions\/75578"}],"wp:featuredmedia":[{"embeddable":true,"href":"https:\/\/lahora.mx\/index.php\/wp-json\/wp\/v2\/media\/75568"}],"wp:attachment":[{"href":"https:\/\/lahora.mx\/index.php\/wp-json\/wp\/v2\/media?parent=75567"}],"wp:term":[{"taxonomy":"category","embeddable":true,"href":"https:\/\/lahora.mx\/index.php\/wp-json\/wp\/v2\/categories?post=75567"},{"taxonomy":"post_tag","embeddable":true,"href":"https:\/\/lahora.mx\/index.php\/wp-json\/wp\/v2\/tags?post=75567"}],"curies":[{"name":"wp","href":"https:\/\/api.w.org\/{rel}","templated":true}]}}