{"id":75549,"date":"2026-01-26T15:22:10","date_gmt":"2026-01-26T15:22:10","guid":{"rendered":"https:\/\/lahora.mx\/?p=75549"},"modified":"2026-01-26T16:00:42","modified_gmt":"2026-01-26T16:00:42","slug":"refuerzan-vacunacion-en-tehuacan-ante-riesgo-de-brotes-de-sarampion","status":"publish","type":"post","link":"https:\/\/lahora.mx\/index.php\/2026\/01\/26\/refuerzan-vacunacion-en-tehuacan-ante-riesgo-de-brotes-de-sarampion\/","title":{"rendered":"Refuerzan vacunaci\u00f3n en Tehuac\u00e1n ante riesgo de brotes de sarampi\u00f3n"},"content":{"rendered":"\n<p>Ante la detecci\u00f3n de casos confirmados de sarampi\u00f3n en el estado, autoridades de salud activaron un reforzamiento en las jornadas de vacunaci\u00f3n en el municipio de Tehuac\u00e1n, al considerar que la inmunizaci\u00f3n es la principal barrera para evitar la propagaci\u00f3n de esta enfermedad.<\/p>\n\n\n\n<p>Por lo que autoridades federales, estatales y municipales estar\u00e1n trabajando coordinadamente para que la ciudadan\u00eda acuda a aplicarse este biol\u00f3gico, el cual estar\u00e1 disponible en m\u00f3dulos m\u00f3viles, centros de salud, IMSS-Bienestar, ISSSTEP e ISSSTE e incluso en jornada acumulada, es decir, s\u00e1bados y domingos.<br>El director de Salud, Samuel Rodr\u00edguez Serrano, advirti\u00f3 que el sarampi\u00f3n representa un riesgo serio para la poblaci\u00f3n, especialmente para ni\u00f1as, ni\u00f1os, mujeres embarazadas y personas que no cuentan con esquemas completos, por lo que llam\u00f3 a la ciudadan\u00eda a acudir a aplicarse el biol\u00f3gico.<\/p>\n\n\n\n<p>Mencion\u00f3 que en caso de menores de 12 meses se les estar\u00e1 aplicando la triple viral y en el caso de 10 a\u00f1os a 45 la doble viral, pues es para reforzar el esquema de vacunaci\u00f3n.<\/p>\n\n\n\n<p>Asimismo, indic\u00f3 que aparte de la aplicaci\u00f3n del biol\u00f3gico, es necesario mantener medidas preventivas b\u00e1sicas, como el lavado frecuente de manos, evitar el contacto con personas enfermas y el uso de cubrebocas cuando se presenten s\u00edntomas respiratorios.<\/p>\n\n\n\n<p>Rodr\u00edguez Serrano se\u00f1al\u00f3 que, ante s\u00edntomas como temperaturas altas, escurrimiento nasal, exantemas en la piel, dolor de cabeza, se est\u00e1 exhortando a la ciudadan\u00eda a acudir al m\u00e9dico, pues es muy importante realizar un diagn\u00f3stico diferencial para confirmar o descartar este padecimiento ya que pueden tenerse complicaciones graves.<\/p>\n\n\n\n<p>Agreg\u00f3 que al momento la Secretar\u00eda de Salud ha informado que se tiene el suficiente biol\u00f3gico para la poblaci\u00f3n, por lo que al municipio le corresponder\u00e1 apoyar en las situaciones de log\u00edstica para los puntos de vacunaci\u00f3n, movilidad del personal y de ser necesario proporcionar personal.<\/p>\n","protected":false},"excerpt":{"rendered":"<p>Ante la detecci\u00f3n de casos confirmados de sarampi\u00f3n en el estado, autoridades de salud activaron un reforzamiento en las jornadas de vacunaci\u00f3n en el municipio de Tehuac\u00e1n, al considerar que la inmunizaci\u00f3n es la principal barrera para evitar la propagaci\u00f3n de esta enfermedad. Por lo que autoridades federales, estatales y municipales estar\u00e1n trabajando coordinadamente para [&hellip;]<\/p>\n","protected":false},"author":1,"featured_media":75550,"comment_status":"open","ping_status":"open","sticky":false,"template":"","format":"standard","meta":{"om_disable_all_campaigns":false,"_monsterinsights_skip_tracking":false,"_monsterinsights_sitenote_active":false,"_monsterinsights_sitenote_note":"","_monsterinsights_sitenote_category":0,"footnotes":""},"categories":[175,252],"tags":[],"class_list":["post-75549","post","type-post","status-publish","format-standard","has-post-thumbnail","hentry","category-local","category-salud"],"amp_enabled":true,"_links":{"self":[{"href":"https:\/\/lahora.mx\/index.php\/wp-json\/wp\/v2\/posts\/75549","targetHints":{"allow":["GET"]}}],"collection":[{"href":"https:\/\/lahora.mx\/index.php\/wp-json\/wp\/v2\/posts"}],"about":[{"href":"https:\/\/lahora.mx\/index.php\/wp-json\/wp\/v2\/types\/post"}],"author":[{"embeddable":true,"href":"https:\/\/lahora.mx\/index.php\/wp-json\/wp\/v2\/users\/1"}],"replies":[{"embeddable":true,"href":"https:\/\/lahora.mx\/index.php\/wp-json\/wp\/v2\/comments?post=75549"}],"version-history":[{"count":1,"href":"https:\/\/lahora.mx\/index.php\/wp-json\/wp\/v2\/posts\/75549\/revisions"}],"predecessor-version":[{"id":75551,"href":"https:\/\/lahora.mx\/index.php\/wp-json\/wp\/v2\/posts\/75549\/revisions\/75551"}],"wp:featuredmedia":[{"embeddable":true,"href":"https:\/\/lahora.mx\/index.php\/wp-json\/wp\/v2\/media\/75550"}],"wp:attachment":[{"href":"https:\/\/lahora.mx\/index.php\/wp-json\/wp\/v2\/media?parent=75549"}],"wp:term":[{"taxonomy":"category","embeddable":true,"href":"https:\/\/lahora.mx\/index.php\/wp-json\/wp\/v2\/categories?post=75549"},{"taxonomy":"post_tag","embeddable":true,"href":"https:\/\/lahora.mx\/index.php\/wp-json\/wp\/v2\/tags?post=75549"}],"curies":[{"name":"wp","href":"https:\/\/api.w.org\/{rel}","templated":true}]}}