{"id":75543,"date":"2026-01-26T15:19:51","date_gmt":"2026-01-26T15:19:51","guid":{"rendered":"https:\/\/lahora.mx\/?p=75543"},"modified":"2026-01-26T15:19:52","modified_gmt":"2026-01-26T15:19:52","slug":"el-ice-ejercito-personal-de-trump-ejecuta-a-otro-ciudadano-estadounidense","status":"publish","type":"post","link":"https:\/\/lahora.mx\/index.php\/2026\/01\/26\/el-ice-ejercito-personal-de-trump-ejecuta-a-otro-ciudadano-estadounidense\/","title":{"rendered":"El ICE, ej\u00e9rcito personal de Trump, ejecuta a otro ciudadano estadounidense"},"content":{"rendered":"\n<p class=\"wp-block-paragraph\">El diario estadounidense Star Tribune ha identificado al hombre baleado y asesinado el s\u00e1bado por agentes del Servicio de Inmigraci\u00f3n y Control de Aduanas (ICE) como Alex Jeffrey Pretti, de 37 a\u00f1os, residente de Minneapolis y ciudadano estadounidense.<\/p>\n\n\n\n<p class=\"wp-block-paragraph\">Se trata del segundo ciudadano estadounidense y \u201cblanco\u201d que es ejecutado en Minneapolis bajo las \u00f3rdenes de ese ej\u00e9rcito privado a las \u00f3rdenes de Donald Trump.<br><br>En estos momentos, miles de personas marchan y en algunos casos hasta ponen barricadas en protesta contra este acto autoritario y sin necesidad de exagerar, fascista. Para enardecer m\u00e1s a los manifestantes, Pretti fue ejecutado mientras intentaba ayudar a una mujer que estaba siendo atacada por el ICE y adem\u00e1s se desempe\u00f1aba como enfermero.<\/p>\n\n\n\n<p class=\"wp-block-paragraph\">Antes de que comience la andanada de noticias falsas, el Jefe de Polic\u00eda de dicha ciudad, Brian O\u2019Hara, confirm\u00f3 adem\u00e1s que Pretti contaba con un permiso legal para portar un arma, aunque jam\u00e1s la us\u00f3 ni en defensa propia, de acuerdo con videos que circulan en redes sociales.<\/p>\n\n\n\n<p class=\"wp-block-paragraph\">A estas alturas, tanto turistas como la propia FIFA deben considerar suspender o cambiar la sede de la pr\u00f3xima Copa del Mundo, al no existir condiciones de seguridad ni para turistas, ni para los propios deportistas y directivos.<\/p>\n","protected":false},"excerpt":{"rendered":"<p>El diario estadounidense Star Tribune ha identificado al hombre baleado y asesinado el s\u00e1bado por agentes del Servicio de Inmigraci\u00f3n y Control de Aduanas (ICE) como Alex Jeffrey Pretti, de 37 a\u00f1os, residente de Minneapolis y ciudadano estadounidense. Se trata del segundo ciudadano estadounidense y \u201cblanco\u201d que es ejecutado en Minneapolis bajo las \u00f3rdenes de [&hellip;]<\/p>\n","protected":false},"author":1,"featured_media":75544,"comment_status":"open","ping_status":"open","sticky":false,"template":"","format":"standard","meta":{"om_disable_all_campaigns":false,"_monsterinsights_skip_tracking":false,"_monsterinsights_sitenote_active":false,"_monsterinsights_sitenote_note":"","_monsterinsights_sitenote_category":0,"footnotes":""},"categories":[183],"tags":[],"class_list":["post-75543","post","type-post","status-publish","format-standard","has-post-thumbnail","hentry","category-internacional"],"amp_enabled":true,"_links":{"self":[{"href":"https:\/\/lahora.mx\/index.php\/wp-json\/wp\/v2\/posts\/75543","targetHints":{"allow":["GET"]}}],"collection":[{"href":"https:\/\/lahora.mx\/index.php\/wp-json\/wp\/v2\/posts"}],"about":[{"href":"https:\/\/lahora.mx\/index.php\/wp-json\/wp\/v2\/types\/post"}],"author":[{"embeddable":true,"href":"https:\/\/lahora.mx\/index.php\/wp-json\/wp\/v2\/users\/1"}],"replies":[{"embeddable":true,"href":"https:\/\/lahora.mx\/index.php\/wp-json\/wp\/v2\/comments?post=75543"}],"version-history":[{"count":1,"href":"https:\/\/lahora.mx\/index.php\/wp-json\/wp\/v2\/posts\/75543\/revisions"}],"predecessor-version":[{"id":75545,"href":"https:\/\/lahora.mx\/index.php\/wp-json\/wp\/v2\/posts\/75543\/revisions\/75545"}],"wp:featuredmedia":[{"embeddable":true,"href":"https:\/\/lahora.mx\/index.php\/wp-json\/wp\/v2\/media\/75544"}],"wp:attachment":[{"href":"https:\/\/lahora.mx\/index.php\/wp-json\/wp\/v2\/media?parent=75543"}],"wp:term":[{"taxonomy":"category","embeddable":true,"href":"https:\/\/lahora.mx\/index.php\/wp-json\/wp\/v2\/categories?post=75543"},{"taxonomy":"post_tag","embeddable":true,"href":"https:\/\/lahora.mx\/index.php\/wp-json\/wp\/v2\/tags?post=75543"}],"curies":[{"name":"wp","href":"https:\/\/api.w.org\/{rel}","templated":true}]}}