{"id":75534,"date":"2026-01-26T02:03:10","date_gmt":"2026-01-26T02:03:10","guid":{"rendered":"https:\/\/lahora.mx\/?p=75534"},"modified":"2026-01-26T02:03:11","modified_gmt":"2026-01-26T02:03:11","slug":"michoacan-reporta-primer-fallecimiento-por-sarampion-en-2026-en-mexico","status":"publish","type":"post","link":"https:\/\/lahora.mx\/index.php\/2026\/01\/26\/michoacan-reporta-primer-fallecimiento-por-sarampion-en-2026-en-mexico\/","title":{"rendered":"Michoac\u00e1n reporta primer fallecimiento por sarampi\u00f3n en 2026 en M\u00e9xico"},"content":{"rendered":"\n<p>El estado de Michoac\u00e1n registr\u00f3 el primer fallecimiento por sarampi\u00f3n de este a\u00f1o, en el contexto de un brote que mantiene en alerta a las autoridades sanitarias de M\u00e9xico. Las cifras recientes muestran que el virus sigue circulando en todo el pa\u00eds, afectando principalmente a ni\u00f1os sin esquema de vacunaci\u00f3n completo.<\/p>\n\n\n\n<p>Situaci\u00f3n en Michoac\u00e1n y a nivel nacional<br>En la entidad donde se confirm\u00f3 la muerte se contabilizan 265 casos, concentrados principalmente en menores que no recibieron todas sus dosis de vacuna. En M\u00e9xico, entre 2025 y los primeros d\u00edas de 2026, se han confirmado 7,417 casos y 26 fallecimientos, con presencia del virus en todas las entidades federativas y 265 municipios.<br>Durante las \u00faltimas 24 horas se registraron 107 nuevos contagios, lo que refleja un incremento constante en la curva epidemiol\u00f3gica. En diciembre de 2025 se hab\u00edan confirmado 748 casos, mientras que en los primeros d\u00edas de enero de 2026 ya se reportan 987 casos adicionales.<\/p>\n\n\n\n<p>Estados con m\u00e1s casos<br>Jalisco: 521<\/p>\n\n\n\n<p>Chiapas: 200<\/p>\n\n\n\n<p>Sinaloa: 65<\/p>\n\n\n\n<p>Ciudad de M\u00e9xico: 51<\/p>\n\n\n\n<p>A pesar de que estas entidades concentran la mayor parte de los contagios, el virus se ha detectado en pr\u00e1cticamente todo el pa\u00eds, complicando los esfuerzos para contener su propagaci\u00f3n.<\/p>\n\n\n\n<p>Grupos m\u00e1s vulnerables<br>Los ni\u00f1os de 1 a 4 a\u00f1os son los m\u00e1s afectados, con 1,132 casos, seguidos por menores de 5 a 9 a\u00f1os con 881 contagios. Los menores de un a\u00f1o presentan la tasa de incidencia m\u00e1s alta, con m\u00e1s de 44 casos por cada 100 mil habitantes, al no haber completado su esquema de vacunaci\u00f3n.<\/p>\n\n\n\n<p>Tambi\u00e9n se han registrado contagios significativos en adultos j\u00f3venes de 25 a 29 a\u00f1os, indicando que la falta de vacunaci\u00f3n previa sigue siendo un factor de riesgo. Las autoridades advierten que quienes no cuentan con las dosis completas enfrentan mayor probabilidad de complicaciones graves y hospitalizaci\u00f3n.<\/p>\n\n\n\n<p>S\u00edntomas del sarampi\u00f3n<br>El per\u00edodo de incubaci\u00f3n del virus es de 10 a 14 d\u00edas, y el signo m\u00e1s caracter\u00edstico es la erupci\u00f3n cut\u00e1nea, que inicia en el rostro y cuello, propag\u00e1ndose a manos y pies durante unos tres d\u00edas, y desaparece entre 5 y 6 d\u00edas.<\/p>\n\n\n\n<p>Otros s\u00edntomas incluyen:<\/p>\n\n\n\n<p>Fiebre alta<\/p>\n\n\n\n<p>Tos<\/p>\n\n\n\n<p>Rinorrea<\/p>\n\n\n\n<p>Ojos enrojecidos y llorosos<\/p>\n\n\n\n<p>Manchas blancas en la cara interna de las mejillas<\/p>\n\n\n\n<p>El virus primero afecta las v\u00edas respiratorias antes de expandirse por todo el cuerpo, seg\u00fan la Organizaci\u00f3n Mundial de la Salud (OMS).<\/p>\n\n\n\n<p>Prevenci\u00f3n<br>La vacunaci\u00f3n es la forma m\u00e1s efectiva de prevenir el sarampi\u00f3n. La OMS asegura que la vacuna es segura y evita complicaciones graves. Antes de su introducci\u00f3n en 1963, el sarampi\u00f3n provocaba epidemias peri\u00f3dicas que causaban aproximadamente 2.6 millones de muertes anuales.<\/p>\n\n\n\n<p>Se recomienda a padres y tutores revisar que los ni\u00f1os tengan su esquema de vacunaci\u00f3n completo y acudir a un profesional de salud si presentan s\u00edntomas compatibles con el sarampi\u00f3n.<\/p>\n","protected":false},"excerpt":{"rendered":"<p>El estado de Michoac\u00e1n registr\u00f3 el primer fallecimiento por sarampi\u00f3n de este a\u00f1o, en el contexto de un brote que mantiene en alerta a las autoridades sanitarias de M\u00e9xico. Las cifras recientes muestran que el virus sigue circulando en todo el pa\u00eds, afectando principalmente a ni\u00f1os sin esquema de vacunaci\u00f3n completo. Situaci\u00f3n en Michoac\u00e1n y [&hellip;]<\/p>\n","protected":false},"author":1,"featured_media":75535,"comment_status":"open","ping_status":"open","sticky":false,"template":"","format":"standard","meta":{"om_disable_all_campaigns":false,"_monsterinsights_skip_tracking":false,"_monsterinsights_sitenote_active":false,"_monsterinsights_sitenote_note":"","_monsterinsights_sitenote_category":0,"footnotes":""},"categories":[252],"tags":[195],"class_list":["post-75534","post","type-post","status-publish","format-standard","has-post-thumbnail","hentry","category-salud","tag-principal"],"amp_enabled":true,"_links":{"self":[{"href":"https:\/\/lahora.mx\/index.php\/wp-json\/wp\/v2\/posts\/75534","targetHints":{"allow":["GET"]}}],"collection":[{"href":"https:\/\/lahora.mx\/index.php\/wp-json\/wp\/v2\/posts"}],"about":[{"href":"https:\/\/lahora.mx\/index.php\/wp-json\/wp\/v2\/types\/post"}],"author":[{"embeddable":true,"href":"https:\/\/lahora.mx\/index.php\/wp-json\/wp\/v2\/users\/1"}],"replies":[{"embeddable":true,"href":"https:\/\/lahora.mx\/index.php\/wp-json\/wp\/v2\/comments?post=75534"}],"version-history":[{"count":1,"href":"https:\/\/lahora.mx\/index.php\/wp-json\/wp\/v2\/posts\/75534\/revisions"}],"predecessor-version":[{"id":75536,"href":"https:\/\/lahora.mx\/index.php\/wp-json\/wp\/v2\/posts\/75534\/revisions\/75536"}],"wp:featuredmedia":[{"embeddable":true,"href":"https:\/\/lahora.mx\/index.php\/wp-json\/wp\/v2\/media\/75535"}],"wp:attachment":[{"href":"https:\/\/lahora.mx\/index.php\/wp-json\/wp\/v2\/media?parent=75534"}],"wp:term":[{"taxonomy":"category","embeddable":true,"href":"https:\/\/lahora.mx\/index.php\/wp-json\/wp\/v2\/categories?post=75534"},{"taxonomy":"post_tag","embeddable":true,"href":"https:\/\/lahora.mx\/index.php\/wp-json\/wp\/v2\/tags?post=75534"}],"curies":[{"name":"wp","href":"https:\/\/api.w.org\/{rel}","templated":true}]}}