{"id":75519,"date":"2026-01-26T01:56:47","date_gmt":"2026-01-26T01:56:47","guid":{"rendered":"https:\/\/lahora.mx\/?p=75519"},"modified":"2026-01-26T01:56:48","modified_gmt":"2026-01-26T01:56:48","slug":"desplegaran-red-de-60-drones-para-reforzar-la-vigilancia-en-puebla","status":"publish","type":"post","link":"https:\/\/lahora.mx\/index.php\/2026\/01\/26\/desplegaran-red-de-60-drones-para-reforzar-la-vigilancia-en-puebla\/","title":{"rendered":"Desplegar\u00e1n red de 60 drones para reforzar la vigilancia en Puebla"},"content":{"rendered":"\n<p>Con la finalidad de reforzar las labores de prevenci\u00f3n del delito, en Puebla, la Secretar\u00eda de Seguridad P\u00fablica&nbsp;<strong>desplegar\u00e1 una red de vigilancia a\u00e9rea con 60 drones.&nbsp;<\/strong><\/p>\n\n\n\n<p><strong>Esta tecnolog\u00eda funcionar\u00e1 de forma permanente<\/strong>, as\u00ed lo dio a conocer el titular de la dependencia Francisco S\u00e1nchez Gonz\u00e1lez.<br>Los dispositivos estar\u00e1n conectados al sistema de videovigilancia del del Complejo de Seguridad (C5), para realizar funciones de monitoreo en tiempo real y as\u00ed mejorar la capacidad de reacci\u00f3n de las corporaciones de seguridad.<\/p>\n\n\n\n<p>Los drones operar\u00e1n con un sistema automatizado de recarga por lo que, podr\u00e1n realizar vuelos constantes sin interrupciones prolongadas.<\/p>\n","protected":false},"excerpt":{"rendered":"<p>Con la finalidad de reforzar las labores de prevenci\u00f3n del delito, en Puebla, la Secretar\u00eda de Seguridad P\u00fablica&nbsp;desplegar\u00e1 una red de vigilancia a\u00e9rea con 60 drones.&nbsp; Esta tecnolog\u00eda funcionar\u00e1 de forma permanente, as\u00ed lo dio a conocer el titular de la dependencia Francisco S\u00e1nchez Gonz\u00e1lez.Los dispositivos estar\u00e1n conectados al sistema de videovigilancia del del Complejo [&hellip;]<\/p>\n","protected":false},"author":1,"featured_media":75520,"comment_status":"open","ping_status":"open","sticky":false,"template":"","format":"standard","meta":{"om_disable_all_campaigns":false,"_monsterinsights_skip_tracking":false,"_monsterinsights_sitenote_active":false,"_monsterinsights_sitenote_note":"","_monsterinsights_sitenote_category":0,"footnotes":""},"categories":[175,226],"tags":[239,223],"class_list":["post-75519","post","type-post","status-publish","format-standard","has-post-thumbnail","hentry","category-local","category-policia","tag-gobierno","tag-puebla"],"amp_enabled":true,"_links":{"self":[{"href":"https:\/\/lahora.mx\/index.php\/wp-json\/wp\/v2\/posts\/75519","targetHints":{"allow":["GET"]}}],"collection":[{"href":"https:\/\/lahora.mx\/index.php\/wp-json\/wp\/v2\/posts"}],"about":[{"href":"https:\/\/lahora.mx\/index.php\/wp-json\/wp\/v2\/types\/post"}],"author":[{"embeddable":true,"href":"https:\/\/lahora.mx\/index.php\/wp-json\/wp\/v2\/users\/1"}],"replies":[{"embeddable":true,"href":"https:\/\/lahora.mx\/index.php\/wp-json\/wp\/v2\/comments?post=75519"}],"version-history":[{"count":1,"href":"https:\/\/lahora.mx\/index.php\/wp-json\/wp\/v2\/posts\/75519\/revisions"}],"predecessor-version":[{"id":75521,"href":"https:\/\/lahora.mx\/index.php\/wp-json\/wp\/v2\/posts\/75519\/revisions\/75521"}],"wp:featuredmedia":[{"embeddable":true,"href":"https:\/\/lahora.mx\/index.php\/wp-json\/wp\/v2\/media\/75520"}],"wp:attachment":[{"href":"https:\/\/lahora.mx\/index.php\/wp-json\/wp\/v2\/media?parent=75519"}],"wp:term":[{"taxonomy":"category","embeddable":true,"href":"https:\/\/lahora.mx\/index.php\/wp-json\/wp\/v2\/categories?post=75519"},{"taxonomy":"post_tag","embeddable":true,"href":"https:\/\/lahora.mx\/index.php\/wp-json\/wp\/v2\/tags?post=75519"}],"curies":[{"name":"wp","href":"https:\/\/api.w.org\/{rel}","templated":true}]}}