{"id":75516,"date":"2026-01-26T01:55:40","date_gmt":"2026-01-26T01:55:40","guid":{"rendered":"https:\/\/lahora.mx\/?p=75516"},"modified":"2026-01-26T01:55:40","modified_gmt":"2026-01-26T01:55:40","slug":"supervisa-alejandro-armenta-carretera-las-palomas-tecomatlan","status":"publish","type":"post","link":"https:\/\/lahora.mx\/index.php\/2026\/01\/26\/supervisa-alejandro-armenta-carretera-las-palomas-tecomatlan\/","title":{"rendered":"Supervisa Alejandro Armenta carretera Las Palomas-Tecomatl\u00e1n"},"content":{"rendered":"\n<p>El gobernador de Puebla, Alejandro Armenta supervis\u00f3 los avances en la pavimentaci\u00f3n de la carretera Las Palomas-Tecomatl\u00e1n, una obra estrat\u00e9gica del Gobierno Federal que encabeza la presidenta Claudia Sheinbaum, a trav\u00e9s de la Secretar\u00eda de Infraestructura, Comunicaciones y Transportes.<\/p>\n\n\n\n<p>Durante el recorrido, junto a habitantes de la regi\u00f3n, resalt\u00f3 que esta obra mejora la calidad de vida de las familias. Enfatiz\u00f3 en que este proyecto es un compromiso de la presidenta de M\u00e9xico, quien ofreci\u00f3 conectar a la Mixteca poblana, oaxaque\u00f1a y guerrerense. \u00abNo es gesti\u00f3n de antorcha campesina, esta obra es de la presidenta de la Rep\u00fablica, cuando vino en campa\u00f1a a Acatl\u00e1n la ofreci\u00f3, la est\u00e1 haciendo la Cuarta Transformaci\u00f3n\u00bb, asever\u00f3.<br>El gobernador detall\u00f3 que es una obra de gran impacto social, ya que va desde Cuautla en Morelos, pasar\u00e1 por Iz\u00facar de Matamoros, Tecomatl\u00e1n, las Palomas y tambi\u00e9n beneficia a los habitantes de Chinantla y Piaxtla, en Puebla, hasta llegar a la costa de Marquelia en Guerrero. Puntualiz\u00f3 que, con la maquinaria y los insumos de Pemex, el Gobierno del Estado conectar\u00e1 de Ixcaquixtla a Tehuac\u00e1n. \u00abS\u00ed no pensara la presidenta con esa visi\u00f3n integral, quien quisiera ir a Oaxaca tendr\u00eda que ir por Tehuac\u00e1n\u00bb, afirm\u00f3 el gobernador al asegurar que la presidenta combate la pobreza con esta importante infraestructura vial.<\/p>\n\n\n\n<p>La carretera comunicar\u00e1 con varios centros de actividad comercial como el Tianguis de Huixcolotla, Tepeaca y Acatzingo, lo que permitir\u00e1 movilidad y generar derrama econ\u00f3mica, afirm\u00f3 el mandatario al agregar que en el cruce de Las Palomas el gobierno estatal instalar\u00e1 un Centro Estrat\u00e9gico de Seguridad y Atenci\u00f3n Tur\u00edstica (CESAT), ya que la zona requiere construir paz y protecci\u00f3n para la poblaci\u00f3n.<\/p>\n\n\n\n<p>Por su parte, el secretario de Infraestructura, Jos\u00e9 Manuel Contreras de los Santos, inform\u00f3 que el proyecto de rehabilitaci\u00f3n carretera que va de Cuautla a Marquelia contempla una extensi\u00f3n total de 423 kil\u00f3metros, de los cuales 167.6 kil\u00f3metros corresponden al territorio del estado de Puebla.<\/p>\n\n\n\n<p>La presidenta municipal de Chinantla, Mar\u00eda del Carmen Dom\u00ednguez, reconoci\u00f3 el trabajo en conjunto que realiza el gobernador Alejandro Armenta con la presidenta de M\u00e9xico, Claudia Sheinbaum, ya que la vialidad beneficiar\u00e1 a todos los habitantes de la Mixteca.<\/p>\n","protected":false},"excerpt":{"rendered":"<p>El gobernador de Puebla, Alejandro Armenta supervis\u00f3 los avances en la pavimentaci\u00f3n de la carretera Las Palomas-Tecomatl\u00e1n, una obra estrat\u00e9gica del Gobierno Federal que encabeza la presidenta Claudia Sheinbaum, a trav\u00e9s de la Secretar\u00eda de Infraestructura, Comunicaciones y Transportes. Durante el recorrido, junto a habitantes de la regi\u00f3n, resalt\u00f3 que esta obra mejora la calidad [&hellip;]<\/p>\n","protected":false},"author":1,"featured_media":75517,"comment_status":"open","ping_status":"open","sticky":false,"template":"","format":"standard","meta":{"om_disable_all_campaigns":false,"_monsterinsights_skip_tracking":false,"_monsterinsights_sitenote_active":false,"_monsterinsights_sitenote_note":"","_monsterinsights_sitenote_category":0,"footnotes":""},"categories":[175],"tags":[239,195,223],"class_list":["post-75516","post","type-post","status-publish","format-standard","has-post-thumbnail","hentry","category-local","tag-gobierno","tag-principal","tag-puebla"],"amp_enabled":true,"_links":{"self":[{"href":"https:\/\/lahora.mx\/index.php\/wp-json\/wp\/v2\/posts\/75516","targetHints":{"allow":["GET"]}}],"collection":[{"href":"https:\/\/lahora.mx\/index.php\/wp-json\/wp\/v2\/posts"}],"about":[{"href":"https:\/\/lahora.mx\/index.php\/wp-json\/wp\/v2\/types\/post"}],"author":[{"embeddable":true,"href":"https:\/\/lahora.mx\/index.php\/wp-json\/wp\/v2\/users\/1"}],"replies":[{"embeddable":true,"href":"https:\/\/lahora.mx\/index.php\/wp-json\/wp\/v2\/comments?post=75516"}],"version-history":[{"count":1,"href":"https:\/\/lahora.mx\/index.php\/wp-json\/wp\/v2\/posts\/75516\/revisions"}],"predecessor-version":[{"id":75518,"href":"https:\/\/lahora.mx\/index.php\/wp-json\/wp\/v2\/posts\/75516\/revisions\/75518"}],"wp:featuredmedia":[{"embeddable":true,"href":"https:\/\/lahora.mx\/index.php\/wp-json\/wp\/v2\/media\/75517"}],"wp:attachment":[{"href":"https:\/\/lahora.mx\/index.php\/wp-json\/wp\/v2\/media?parent=75516"}],"wp:term":[{"taxonomy":"category","embeddable":true,"href":"https:\/\/lahora.mx\/index.php\/wp-json\/wp\/v2\/categories?post=75516"},{"taxonomy":"post_tag","embeddable":true,"href":"https:\/\/lahora.mx\/index.php\/wp-json\/wp\/v2\/tags?post=75516"}],"curies":[{"name":"wp","href":"https:\/\/api.w.org\/{rel}","templated":true}]}}