{"id":75488,"date":"2026-01-25T22:28:56","date_gmt":"2026-01-25T22:28:56","guid":{"rendered":"https:\/\/lahora.mx\/?p=75488"},"modified":"2026-01-25T22:28:57","modified_gmt":"2026-01-25T22:28:57","slug":"tonantzin-fernandez-fortalece-la-atencion-a-la-primera-infancia-en-san-pedro-cholula","status":"publish","type":"post","link":"https:\/\/lahora.mx\/index.php\/2026\/01\/25\/tonantzin-fernandez-fortalece-la-atencion-a-la-primera-infancia-en-san-pedro-cholula\/","title":{"rendered":"Tonantzin Fern\u00e1ndez fortalece la atenci\u00f3n a la primera infancia en San Pedro Cholula"},"content":{"rendered":"\n<p>Con el objetivo de priorizar el bienestar de las familias cholultecas y de las primeras infancias , el Gobierno Municipal de San Pedro Cholula , encabezado por la presidenta municipal Tonantzin Fern\u00e1ndez , en coordinaci\u00f3n con el DIF Municipal , presidido por la Mtra. Lupita Fern\u00e1ndez , realiz\u00f3 la entrega de equipamiento a los 14 Centros de Asistencia Infantil Comunitarios (CAIC&#8217;s) del municipio.<\/p>\n\n\n\n<p>Durante el acto, la Mtra. Lupita Fern\u00e1ndez agradeci\u00f3 el respaldo del Gobierno del Estado y del Sistema DIF Estatal , encabezados por el gobernador Alejandro Armenta y la presidenta del DIF Estatal, Ceci Arellano , para impulsar acciones que favorecen el desarrollo integral de las ni\u00f1as y los ni\u00f1os cholultecas , quienes ahora contar\u00e1n con mejores condiciones para su formaci\u00f3n .<br>Por su parte, la presidenta municipal Tonantzin Fern\u00e1ndez destac\u00f3 que su administraci\u00f3n mantiene una coordinaci\u00f3n permanente con el Gobierno del Estado , lo que ha permitido concretar gestiones en beneficio de la poblaci\u00f3n , y asegur\u00f3 que continuar\u00e1n trabajando de manera conjunta para seguir mejorando la calidad de vida de las y los cholultecas .<\/p>\n\n\n\n<p>Asimismo, inform\u00f3 que, adem\u00e1s del equipamiento entregado por la administraci\u00f3n estatal , el Gobierno Municipal realizar\u00e1 acciones de mejora en los CAIC , a trav\u00e9s de obra p\u00fablica y el mejoramiento de las vialidades de acceso , con el objetivo de generar una intervenci\u00f3n integral en estos espacios educativos .<\/p>\n\n\n\n<p>Cabe mencionar que el equipamiento entregado a los CAIC consisti\u00f3 en:<br>\u2022\u2060 617 mesas escolares<br>\u2022\u2060 1,210 sillas<br>\u2022\u2060 35 pizarrones<br>\u2022\u2060 35 libreros<\/p>\n\n\n\n<p>Mobiliario que ser\u00e1 utilizado por las ni\u00f1as , los ni\u00f1os y el personal docente , en favor de fortalecer la educaci\u00f3n y el desarrollo de la ni\u00f1ez cholulteca .<\/p>\n\n\n\n<p>Con estas acciones, el Gobierno Municipal de San Pedro Cholula , en coordinaci\u00f3n con el DIF Municipal , refrenda su compromiso de fortalecer la atenci\u00f3n a la primera infancia , garantizando espacios dignos y adecuados que contribuyan al desarrollo integral de las ni\u00f1as y los ni\u00f1os , en favor del bienestar de las familias del municipio.<\/p>\n","protected":false},"excerpt":{"rendered":"<p>Con el objetivo de priorizar el bienestar de las familias cholultecas y de las primeras infancias , el Gobierno Municipal de San Pedro Cholula , encabezado por la presidenta municipal Tonantzin Fern\u00e1ndez , en coordinaci\u00f3n con el DIF Municipal , presidido por la Mtra. Lupita Fern\u00e1ndez , realiz\u00f3 la entrega de equipamiento a los 14 [&hellip;]<\/p>\n","protected":false},"author":1,"featured_media":75489,"comment_status":"open","ping_status":"open","sticky":false,"template":"","format":"standard","meta":{"om_disable_all_campaigns":false,"_monsterinsights_skip_tracking":false,"_monsterinsights_sitenote_active":false,"_monsterinsights_sitenote_note":"","_monsterinsights_sitenote_category":0,"footnotes":""},"categories":[5],"tags":[234,223],"class_list":["post-75488","post","type-post","status-publish","format-standard","has-post-thumbnail","hentry","category-politica","tag-cholula","tag-puebla"],"amp_enabled":true,"_links":{"self":[{"href":"https:\/\/lahora.mx\/index.php\/wp-json\/wp\/v2\/posts\/75488","targetHints":{"allow":["GET"]}}],"collection":[{"href":"https:\/\/lahora.mx\/index.php\/wp-json\/wp\/v2\/posts"}],"about":[{"href":"https:\/\/lahora.mx\/index.php\/wp-json\/wp\/v2\/types\/post"}],"author":[{"embeddable":true,"href":"https:\/\/lahora.mx\/index.php\/wp-json\/wp\/v2\/users\/1"}],"replies":[{"embeddable":true,"href":"https:\/\/lahora.mx\/index.php\/wp-json\/wp\/v2\/comments?post=75488"}],"version-history":[{"count":1,"href":"https:\/\/lahora.mx\/index.php\/wp-json\/wp\/v2\/posts\/75488\/revisions"}],"predecessor-version":[{"id":75490,"href":"https:\/\/lahora.mx\/index.php\/wp-json\/wp\/v2\/posts\/75488\/revisions\/75490"}],"wp:featuredmedia":[{"embeddable":true,"href":"https:\/\/lahora.mx\/index.php\/wp-json\/wp\/v2\/media\/75489"}],"wp:attachment":[{"href":"https:\/\/lahora.mx\/index.php\/wp-json\/wp\/v2\/media?parent=75488"}],"wp:term":[{"taxonomy":"category","embeddable":true,"href":"https:\/\/lahora.mx\/index.php\/wp-json\/wp\/v2\/categories?post=75488"},{"taxonomy":"post_tag","embeddable":true,"href":"https:\/\/lahora.mx\/index.php\/wp-json\/wp\/v2\/tags?post=75488"}],"curies":[{"name":"wp","href":"https:\/\/api.w.org\/{rel}","templated":true}]}}