{"id":75479,"date":"2026-01-25T22:14:43","date_gmt":"2026-01-25T22:14:43","guid":{"rendered":"https:\/\/lahora.mx\/?p=75479"},"modified":"2026-01-25T22:14:44","modified_gmt":"2026-01-25T22:14:44","slug":"buap-alcanza-cifra-historica-en-patentes-otorgadas-por-el-impi","status":"publish","type":"post","link":"https:\/\/lahora.mx\/index.php\/2026\/01\/25\/buap-alcanza-cifra-historica-en-patentes-otorgadas-por-el-impi\/","title":{"rendered":"BUAP alcanza cifra hist\u00f3rica en patentes otorgadas por el IMPI"},"content":{"rendered":"\n<p>La Benem\u00e9rita Universidad Aut\u00f3noma de Puebla registr\u00f3 en&nbsp;<strong>2025<\/strong>&nbsp;su mayor logro en materia de propiedad intelectual, al&nbsp;<strong>duplicar el n\u00famero de patentes otorgadas por el Instituto Mexicano de la Propiedad Industrial<\/strong>, en comparaci\u00f3n con el a\u00f1o anterior.<\/p>\n\n\n\n<p>De acuerdo con los datos oficiales, mientras que en\u00a0<strong>2024<\/strong>\u00a0la instituci\u00f3n recibi\u00f3\u00a0<strong>17 patentes<\/strong>, cifra que se hab\u00eda mantenido constante en otros periodos, durante\u00a0<strong>2025<\/strong>\u00a0el n\u00famero ascendi\u00f3 a\u00a0<strong>33<\/strong>, lo que representa un m\u00e1ximo hist\u00f3rico para la universidad.<br>Este crecimiento es resultado del incremento sostenido en la generaci\u00f3n de proyectos innovadores, ya que la BUAP presenta alrededor de 30 solicitudes anuales ante el IMPI. Cabe se\u00f1alar que el proceso de evaluaci\u00f3n y otorgamiento de una patente puede tardar entre dos y cuatro a\u00f1os, lo que resalta la consolidaci\u00f3n del trabajo acad\u00e9mico y de investigaci\u00f3n realizado en ciclos previos.<\/p>\n\n\n\n<p>Con este avance, la BUAP fortalece su posicionamiento como una de las universidades p\u00fablicas con mayor producci\u00f3n de conocimiento aplicado y desarrollo tecnol\u00f3gico en el pa\u00eds.<\/p>\n","protected":false},"excerpt":{"rendered":"<p>La Benem\u00e9rita Universidad Aut\u00f3noma de Puebla registr\u00f3 en&nbsp;2025&nbsp;su mayor logro en materia de propiedad intelectual, al&nbsp;duplicar el n\u00famero de patentes otorgadas por el Instituto Mexicano de la Propiedad Industrial, en comparaci\u00f3n con el a\u00f1o anterior. De acuerdo con los datos oficiales, mientras que en\u00a02024\u00a0la instituci\u00f3n recibi\u00f3\u00a017 patentes, cifra que se hab\u00eda mantenido constante en otros [&hellip;]<\/p>\n","protected":false},"author":1,"featured_media":75480,"comment_status":"open","ping_status":"open","sticky":false,"template":"","format":"standard","meta":{"om_disable_all_campaigns":false,"_monsterinsights_skip_tracking":false,"_monsterinsights_sitenote_active":false,"_monsterinsights_sitenote_note":"","_monsterinsights_sitenote_category":0,"footnotes":""},"categories":[175],"tags":[186,223],"class_list":["post-75479","post","type-post","status-publish","format-standard","has-post-thumbnail","hentry","category-local","tag-buap","tag-puebla"],"amp_enabled":true,"_links":{"self":[{"href":"https:\/\/lahora.mx\/index.php\/wp-json\/wp\/v2\/posts\/75479","targetHints":{"allow":["GET"]}}],"collection":[{"href":"https:\/\/lahora.mx\/index.php\/wp-json\/wp\/v2\/posts"}],"about":[{"href":"https:\/\/lahora.mx\/index.php\/wp-json\/wp\/v2\/types\/post"}],"author":[{"embeddable":true,"href":"https:\/\/lahora.mx\/index.php\/wp-json\/wp\/v2\/users\/1"}],"replies":[{"embeddable":true,"href":"https:\/\/lahora.mx\/index.php\/wp-json\/wp\/v2\/comments?post=75479"}],"version-history":[{"count":1,"href":"https:\/\/lahora.mx\/index.php\/wp-json\/wp\/v2\/posts\/75479\/revisions"}],"predecessor-version":[{"id":75481,"href":"https:\/\/lahora.mx\/index.php\/wp-json\/wp\/v2\/posts\/75479\/revisions\/75481"}],"wp:featuredmedia":[{"embeddable":true,"href":"https:\/\/lahora.mx\/index.php\/wp-json\/wp\/v2\/media\/75480"}],"wp:attachment":[{"href":"https:\/\/lahora.mx\/index.php\/wp-json\/wp\/v2\/media?parent=75479"}],"wp:term":[{"taxonomy":"category","embeddable":true,"href":"https:\/\/lahora.mx\/index.php\/wp-json\/wp\/v2\/categories?post=75479"},{"taxonomy":"post_tag","embeddable":true,"href":"https:\/\/lahora.mx\/index.php\/wp-json\/wp\/v2\/tags?post=75479"}],"curies":[{"name":"wp","href":"https:\/\/api.w.org\/{rel}","templated":true}]}}