{"id":75473,"date":"2026-01-25T17:03:21","date_gmt":"2026-01-25T17:03:21","guid":{"rendered":"https:\/\/lahora.mx\/?p=75473"},"modified":"2026-01-25T17:03:22","modified_gmt":"2026-01-25T17:03:22","slug":"gobierno-del-estado-condena-el-ataque-contra-la-catedral-de-puebla","status":"publish","type":"post","link":"https:\/\/lahora.mx\/index.php\/2026\/01\/25\/gobierno-del-estado-condena-el-ataque-contra-la-catedral-de-puebla\/","title":{"rendered":"Gobierno del Estado condena el ataque contra la Catedral de Puebla"},"content":{"rendered":"\n<p>El Gobierno del Estado de Puebla conden\u00f3 el ataque cometido contra la Catedral de Puebla, por dos sujetos que prendieron fuego a la puerta norte del inmueble, denominado patrimonio de la humanidad y de la m\u00e1s alta relevancia hist\u00f3rica, ubicado en la zona de monumentos del Centro Hist\u00f3rico de la capital.<\/p>\n\n\n\n<p>Durante la madrugada del pasado s\u00e1bado, elementos de Protecci\u00f3n Civil Estatal respondieron de inmediato a un reporte recibido en el 9-1-1 y acudieron a sofocar el incendio provocado.<\/p>\n\n\n\n<p>Bajo este contexto el Gobierno del Estado advirti\u00f3 que este hecho, que atenta contra bienes art\u00edsticos, hist\u00f3ricos y arquitect\u00f3nicos, no quedar\u00e1 impune.<\/p>\n\n\n\n<p>En ese sentido, inform\u00f3 que, en coordinaci\u00f3n con los tres \u00f3rdenes de gobierno, se mantendr\u00e1n operativos permanentes en el Centro Hist\u00f3rico para reforzar la vigilancia y protecci\u00f3n del patrimonio edificado.<\/p>\n\n\n\n<p>Asimismo, hizo un llamado a la sociedad para denunciar cualquier acto que ponga en riesgo la riqueza patrimonial del Centro Hist\u00f3rico de Puebla, reconocido por la UNESCO como Patrimonio Mundial de la Humanidad desde 1987.<\/p>\n","protected":false},"excerpt":{"rendered":"<p>El Gobierno del Estado de Puebla conden\u00f3 el ataque cometido contra la Catedral de Puebla, por dos sujetos que prendieron fuego a la puerta norte del inmueble, denominado patrimonio de la humanidad y de la m\u00e1s alta relevancia hist\u00f3rica, ubicado en la zona de monumentos del Centro Hist\u00f3rico de la capital. Durante la madrugada del [&hellip;]<\/p>\n","protected":false},"author":1,"featured_media":75474,"comment_status":"open","ping_status":"open","sticky":false,"template":"","format":"standard","meta":{"om_disable_all_campaigns":false,"_monsterinsights_skip_tracking":false,"_monsterinsights_sitenote_active":false,"_monsterinsights_sitenote_note":"","_monsterinsights_sitenote_category":0,"footnotes":""},"categories":[175],"tags":[239,195,223],"class_list":["post-75473","post","type-post","status-publish","format-standard","has-post-thumbnail","hentry","category-local","tag-gobierno","tag-principal","tag-puebla"],"amp_enabled":true,"_links":{"self":[{"href":"https:\/\/lahora.mx\/index.php\/wp-json\/wp\/v2\/posts\/75473","targetHints":{"allow":["GET"]}}],"collection":[{"href":"https:\/\/lahora.mx\/index.php\/wp-json\/wp\/v2\/posts"}],"about":[{"href":"https:\/\/lahora.mx\/index.php\/wp-json\/wp\/v2\/types\/post"}],"author":[{"embeddable":true,"href":"https:\/\/lahora.mx\/index.php\/wp-json\/wp\/v2\/users\/1"}],"replies":[{"embeddable":true,"href":"https:\/\/lahora.mx\/index.php\/wp-json\/wp\/v2\/comments?post=75473"}],"version-history":[{"count":1,"href":"https:\/\/lahora.mx\/index.php\/wp-json\/wp\/v2\/posts\/75473\/revisions"}],"predecessor-version":[{"id":75475,"href":"https:\/\/lahora.mx\/index.php\/wp-json\/wp\/v2\/posts\/75473\/revisions\/75475"}],"wp:featuredmedia":[{"embeddable":true,"href":"https:\/\/lahora.mx\/index.php\/wp-json\/wp\/v2\/media\/75474"}],"wp:attachment":[{"href":"https:\/\/lahora.mx\/index.php\/wp-json\/wp\/v2\/media?parent=75473"}],"wp:term":[{"taxonomy":"category","embeddable":true,"href":"https:\/\/lahora.mx\/index.php\/wp-json\/wp\/v2\/categories?post=75473"},{"taxonomy":"post_tag","embeddable":true,"href":"https:\/\/lahora.mx\/index.php\/wp-json\/wp\/v2\/tags?post=75473"}],"curies":[{"name":"wp","href":"https:\/\/api.w.org\/{rel}","templated":true}]}}