{"id":75443,"date":"2026-01-25T16:18:18","date_gmt":"2026-01-25T16:18:18","guid":{"rendered":"https:\/\/lahora.mx\/?p=75443"},"modified":"2026-01-25T16:18:19","modified_gmt":"2026-01-25T16:18:19","slug":"con-equipos-femeniles-inicia-en-puebla-liga-profesional-de-voleibol","status":"publish","type":"post","link":"https:\/\/lahora.mx\/index.php\/2026\/01\/25\/con-equipos-femeniles-inicia-en-puebla-liga-profesional-de-voleibol\/","title":{"rendered":"Con equipos femeniles, inicia en Puebla Liga Profesional de Voleibol"},"content":{"rendered":"\n<p>El arranque de la Liga de Voleibol de M\u00e9xico desde la rama femenil marca un momento hist\u00f3rico para el deporte nacional, al abrir una ruta real para que ni\u00f1as y j\u00f3venes transiten del \u00e1mbito escolar al profesional, afirm\u00f3 el director general de la Comisi\u00f3n Nacional de Cultura F\u00edsica y Deporte (CONADE), Rommel Pacheco Marrufo.<\/p>\n\n\n\n<p>Ante las y los participantes de las selecciones de todo el pa\u00eds, el director de CONADE destac\u00f3 que el deporte inspira, transforma vidas y representa una herramienta clave para construir oportunidades, como la pol\u00edtica nacional que fomentan el Gobierno de M\u00e9xico y la presidenta Claudia Sheinbaum.<br>Al refrendar el apoyo total del gobierno estatal al voleibol profesional y al equipo las \u201cGuerreras de Puebla\u201d, el gobernador Alejandro Armenta, resalt\u00f3 que el deporte es una pol\u00edtica de Estado, por lo que la entidad consolida una estrategia integral que abarca deporte social, masivo y de alto rendimiento, con antecedentes como la sede de los Juegos Escolares y la pr\u00f3xima Olimpiada CONADE.<\/p>\n\n\n\n<p>La secretaria de Deporte y Juventud, Gabriela S\u00e1nchez, destac\u00f3 que el equipo \u201cGuerreras de Puebla\u00bb representa un proyecto s\u00f3lido con visi\u00f3n de largo plazo, sustentado en infraestructura, planeaci\u00f3n y compromiso con la afici\u00f3n. Se\u00f1al\u00f3 que el equipo impulsa el desarrollo del talento local, fortalece la formaci\u00f3n de nuevas deportistas y refleja una nueva etapa donde el liderazgo femenil ocupa un papel central en el deporte poblano.<\/p>\n\n\n\n<p>La Liga tendr\u00e1 como sede el gimnasio Miguel Hidalgo, donde la participaci\u00f3n de equipos de distintos estados y la respuesta de la afici\u00f3n confirman el impacto deportivo y social del proyecto. La temporada incluye a equipos de Guadalajara, Le\u00f3n, Irapuato, Aguascalientes, Durango y Puebla. Adem\u00e1s, participan selecciones de Alemania, Espa\u00f1a, Australia y Brasil.<\/p>\n\n\n\n<p>La afici\u00f3n reconoci\u00f3 el alcance de esta pol\u00edtica deportiva al se\u00f1alar que el respaldo gubernamental ofrece alternativas positivas para la juventud y fortalece el tejido social. Familiares de jugadoras como Paul Mu\u00f1oz y asistentes como Karen, destacaron la alta asistencia y el ambiente vivido en el arranque de la liga, adem\u00e1s de valorar la coordinaci\u00f3n entre el gobierno estatal y federal, con el respaldo de la presidenta de M\u00e9xico, Claudia Sheinbaum, como base para consolidar a Puebla como un estado que trabaja de manera permanente en favor de las y los deportistas.<\/p>\n","protected":false},"excerpt":{"rendered":"<p>El arranque de la Liga de Voleibol de M\u00e9xico desde la rama femenil marca un momento hist\u00f3rico para el deporte nacional, al abrir una ruta real para que ni\u00f1as y j\u00f3venes transiten del \u00e1mbito escolar al profesional, afirm\u00f3 el director general de la Comisi\u00f3n Nacional de Cultura F\u00edsica y Deporte (CONADE), Rommel Pacheco Marrufo. Ante [&hellip;]<\/p>\n","protected":false},"author":1,"featured_media":75444,"comment_status":"open","ping_status":"open","sticky":false,"template":"","format":"standard","meta":{"om_disable_all_campaigns":false,"_monsterinsights_skip_tracking":false,"_monsterinsights_sitenote_active":false,"_monsterinsights_sitenote_note":"","_monsterinsights_sitenote_category":0,"footnotes":""},"categories":[175],"tags":[239,195,223],"class_list":["post-75443","post","type-post","status-publish","format-standard","has-post-thumbnail","hentry","category-local","tag-gobierno","tag-principal","tag-puebla"],"amp_enabled":true,"_links":{"self":[{"href":"https:\/\/lahora.mx\/index.php\/wp-json\/wp\/v2\/posts\/75443","targetHints":{"allow":["GET"]}}],"collection":[{"href":"https:\/\/lahora.mx\/index.php\/wp-json\/wp\/v2\/posts"}],"about":[{"href":"https:\/\/lahora.mx\/index.php\/wp-json\/wp\/v2\/types\/post"}],"author":[{"embeddable":true,"href":"https:\/\/lahora.mx\/index.php\/wp-json\/wp\/v2\/users\/1"}],"replies":[{"embeddable":true,"href":"https:\/\/lahora.mx\/index.php\/wp-json\/wp\/v2\/comments?post=75443"}],"version-history":[{"count":1,"href":"https:\/\/lahora.mx\/index.php\/wp-json\/wp\/v2\/posts\/75443\/revisions"}],"predecessor-version":[{"id":75445,"href":"https:\/\/lahora.mx\/index.php\/wp-json\/wp\/v2\/posts\/75443\/revisions\/75445"}],"wp:featuredmedia":[{"embeddable":true,"href":"https:\/\/lahora.mx\/index.php\/wp-json\/wp\/v2\/media\/75444"}],"wp:attachment":[{"href":"https:\/\/lahora.mx\/index.php\/wp-json\/wp\/v2\/media?parent=75443"}],"wp:term":[{"taxonomy":"category","embeddable":true,"href":"https:\/\/lahora.mx\/index.php\/wp-json\/wp\/v2\/categories?post=75443"},{"taxonomy":"post_tag","embeddable":true,"href":"https:\/\/lahora.mx\/index.php\/wp-json\/wp\/v2\/tags?post=75443"}],"curies":[{"name":"wp","href":"https:\/\/api.w.org\/{rel}","templated":true}]}}