{"id":75389,"date":"2026-01-23T19:06:46","date_gmt":"2026-01-23T19:06:46","guid":{"rendered":"https:\/\/lahora.mx\/?p=75389"},"modified":"2026-01-23T19:06:48","modified_gmt":"2026-01-23T19:06:48","slug":"madre-de-paulina-camargo-confirma-que-restos-oseos-en-veracruz-no-son-de-su-hija","status":"publish","type":"post","link":"https:\/\/lahora.mx\/index.php\/2026\/01\/23\/madre-de-paulina-camargo-confirma-que-restos-oseos-en-veracruz-no-son-de-su-hija\/","title":{"rendered":"Madre de Paulina Camargo confirma que restos \u00f3seos en Veracruz no son de su hija"},"content":{"rendered":"\n<p class=\"wp-block-paragraph\">Los restos \u00f3seos que se encontraban en el Servicio M\u00e9dico Forense (Semefo), en Veracruz, y a los cuales se les practicaron diversos an\u00e1lisis no son compatibles con Paulina Camargo Lim\u00f3n, inform\u00f3 este jueves la madre de la joven desaparecida desde agosto de 2015. Lo anterior ocurri\u00f3 previo a la audiencia que fue reprogramada y que ten\u00eda como objetivo la apertura del juicio oral que se sigue contra Jos\u00e9 Mar\u00eda N., por el delito de desaparici\u00f3n de persona.<\/p>\n\n\n\n<p class=\"wp-block-paragraph\">Ante medios de comunicaci\u00f3n y afuera del Centro de Justicia Penal de Puebla, ubicado sobre la avenida 11 Sur, a la altura del Infonavit Agua Santa, Roc\u00edo Lim\u00f3n dijo que antes de lo previsto se obtuvieron los resultados de los estudios practicados a restos \u00f3seos de una mujer con brackets y ligas rosas, como los que usaba su hija.<\/p>\n\n\n\n<p class=\"wp-block-paragraph\">\u201cHay algo importante que yo les transmit\u00ed en relaci\u00f3n con unos restos \u00f3seos dentro de la b\u00fasqueda. Desafortunadamente \u2014y es un decir, por toda la pena que implica, ya que al final uno busca a sus hijos desaparecidos incluso en restos \u00f3seos\u2014, estos no corresponden al perfil gen\u00e9tico de mi amada hija Paulina\u201d, explic\u00f3.<\/p>\n\n\n\n<p class=\"wp-block-paragraph\"><br>Seis datos claves del caso Paulina Camargo; inicia juicio oral y no hay rastro de su cuerpo<br>La madre de la joven record\u00f3 que desde junio de 2025 se inform\u00f3 del hallazgo de restos de una mujer en el Semefo de Veracruz, los cuales se cre\u00eda podr\u00edan corresponder a su hija.<\/p>\n\n\n\n<p class=\"wp-block-paragraph\">Desde entonces, enfatiz\u00f3, manten\u00eda la esperanza de encontrarla para poder darle paz, desde sus creencias y como una necesidad propia de los padres.<\/p>\n\n\n\n<p class=\"wp-block-paragraph\">Mi esposo y yo acudimos con la Comisi\u00f3n de B\u00fasqueda de Personas, a cargo del comisionado Enrique Rivera Reyes. Fuimos a Xalapa para verificar la situaci\u00f3n<br>a\u00f1adi\u00f3.<br>Tras informar lo anterior, Roc\u00edo Lim\u00f3n, acompa\u00f1ada de su esposo, ingres\u00f3 a la Casa de Justicia, a donde este 22 de enero fueron citados a las 16:00 horas para que diera inicio el juicio oral por la desaparici\u00f3n de su hija, quien al momento de ser vista por \u00faltima vez ten\u00eda 19 a\u00f1os de edad y cuatro meses de embarazo.<\/p>\n\n\n\n<p class=\"wp-block-paragraph\">Integrantes del Taller A.C. arribaron con tambores, lonas y altavoces para expresar su apoyo a la familia de Paulina. Algunos automovilistas que empatizaron con la causa hicieron sonar el claxon de sus veh\u00edculos, tal como lo solicitaron horas antes los familiares de la joven a trav\u00e9s de redes sociales.<\/p>\n\n\n\n<p class=\"wp-block-paragraph\">Despu\u00e9s de un tiempo, a las 17:10 horas, los padres de Paulina salieron del recinto e informaron que la audiencia se pospuso debido a un cambio de asesor legal por parte de la Comisi\u00f3n Ejecutiva de Atenci\u00f3n a V\u00edctimas (CEAVI).<\/p>\n\n\n\n<p class=\"wp-block-paragraph\">Con el fin de que el nuevo abogado se imponga del contenido de la carpeta de investigaci\u00f3n, el acto legal fue reprogramado para el pr\u00f3ximo 20 de febrero.<br>Subregistro de fosas clandestinas agrava crisis de desapariciones en Puebla: activistas<br>Jos\u00e9 Mar\u00eda, detenido como sospechoso al ser, aparentemente, el \u00faltimo en verla<br>Jos\u00e9 Mar\u00eda N., quien sostuvo una relaci\u00f3n sentimental con Paulina Camargo y con quien procre\u00f3 al hijo que la joven llevaba en el vientre, fue detenido hace 10 a\u00f1os como principal sospechoso del caso, ya que presuntamente fue la \u00faltima persona en verla, el 25 de agosto de 2015, tras acudir a una cita m\u00e9dica.<\/p>\n\n\n\n<p class=\"wp-block-paragraph\">El joven veracruzano fue sentenciado inicialmente por los delitos de homicidio y aborto; sin embargo, tras un amparo interpuesto por su defensa legal y luego de que diversas pruebas fueran invalidadas, la sentencia de 16 a\u00f1os y seis meses de prisi\u00f3n fue declarada insubsistente, por lo que Jos\u00e9 Mar\u00eda fue exonerado de esos cargos.<\/p>\n\n\n\n<p class=\"wp-block-paragraph\">No obstante, el proceso por el delito de desaparici\u00f3n de persona continu\u00f3 y actualmente se encuentra en su \u00faltima fase.<\/p>\n","protected":false},"excerpt":{"rendered":"<p>Los restos \u00f3seos que se encontraban en el Servicio M\u00e9dico Forense (Semefo), en Veracruz, y a los cuales se les practicaron diversos an\u00e1lisis no son compatibles con Paulina Camargo Lim\u00f3n, inform\u00f3 este jueves la madre de la joven desaparecida desde agosto de 2015. Lo anterior ocurri\u00f3 previo a la audiencia que fue reprogramada y que [&hellip;]<\/p>\n","protected":false},"author":1,"featured_media":75390,"comment_status":"open","ping_status":"open","sticky":false,"template":"","format":"standard","meta":{"om_disable_all_campaigns":false,"_monsterinsights_skip_tracking":false,"footnotes":""},"categories":[176],"tags":[],"class_list":["post-75389","post","type-post","status-publish","format-standard","has-post-thumbnail","hentry","category-nacional"],"amp_enabled":true,"_links":{"self":[{"href":"https:\/\/lahora.mx\/index.php\/wp-json\/wp\/v2\/posts\/75389","targetHints":{"allow":["GET"]}}],"collection":[{"href":"https:\/\/lahora.mx\/index.php\/wp-json\/wp\/v2\/posts"}],"about":[{"href":"https:\/\/lahora.mx\/index.php\/wp-json\/wp\/v2\/types\/post"}],"author":[{"embeddable":true,"href":"https:\/\/lahora.mx\/index.php\/wp-json\/wp\/v2\/users\/1"}],"replies":[{"embeddable":true,"href":"https:\/\/lahora.mx\/index.php\/wp-json\/wp\/v2\/comments?post=75389"}],"version-history":[{"count":1,"href":"https:\/\/lahora.mx\/index.php\/wp-json\/wp\/v2\/posts\/75389\/revisions"}],"predecessor-version":[{"id":75391,"href":"https:\/\/lahora.mx\/index.php\/wp-json\/wp\/v2\/posts\/75389\/revisions\/75391"}],"wp:featuredmedia":[{"embeddable":true,"href":"https:\/\/lahora.mx\/index.php\/wp-json\/wp\/v2\/media\/75390"}],"wp:attachment":[{"href":"https:\/\/lahora.mx\/index.php\/wp-json\/wp\/v2\/media?parent=75389"}],"wp:term":[{"taxonomy":"category","embeddable":true,"href":"https:\/\/lahora.mx\/index.php\/wp-json\/wp\/v2\/categories?post=75389"},{"taxonomy":"post_tag","embeddable":true,"href":"https:\/\/lahora.mx\/index.php\/wp-json\/wp\/v2\/tags?post=75389"}],"curies":[{"name":"wp","href":"https:\/\/api.w.org\/{rel}","templated":true}]}}