{"id":75374,"date":"2026-01-23T15:00:33","date_gmt":"2026-01-23T15:00:33","guid":{"rendered":"https:\/\/lahora.mx\/?p=75374"},"modified":"2026-01-23T15:00:34","modified_gmt":"2026-01-23T15:00:34","slug":"preven-maximas-de-31oc-en-la-mixteca-y-lluvias-en-sierra-de-puebla","status":"publish","type":"post","link":"https:\/\/lahora.mx\/index.php\/2026\/01\/23\/preven-maximas-de-31oc-en-la-mixteca-y-lluvias-en-sierra-de-puebla\/","title":{"rendered":"Prev\u00e9n m\u00e1ximas de 31\u00baC en la Mixteca y lluvias en Sierra de Puebla"},"content":{"rendered":"\n<p>La Coordinaci\u00f3n General de Protecci\u00f3n Civil del Estado emiti\u00f3 el pron\u00f3stico meteorol\u00f3gico para este viernes 23 de enero, en el que se identifican condiciones de contraste t\u00e9rmico y precipitaciones en regiones espec\u00edficas de la entidad.<\/p>\n\n\n\n<p>De acuerdo con el reporte oficial, la regi\u00f3n de la Mixteca registrar\u00e1 las temperaturas m\u00e1s elevadas del estado, con un rango promedio de 27 a 29\u00b0C y una m\u00e1xima extrema estimada en los 31\u00b0C.<br>En contraste, para las Sierras Norte y Nororiental se prev\u00e9n lluvias de ligera intensidad durante el transcurso del d\u00eda. El organismo t\u00e9cnico calcula acumulados de precipitaci\u00f3n de hasta 10 mm en estas zonas.<\/p>\n\n\n\n<p>En la mayor parte del territorio poblano se esperan vientos de componente noreste con velocidades constantes de entre 30 y 35 km\/h. Estas condiciones podr\u00edan influir en la sensaci\u00f3n t\u00e9rmica y la dispersi\u00f3n de nubosidad.<\/p>\n\n\n\n<p>La autoridad inform\u00f3 que estas condiciones climatol\u00f3gicas persistir\u00e1n durante las pr\u00f3ximas 48 horas.<\/p>\n\n\n\n<p>Asimismo, emiti\u00f3 recomendaciones a la poblaci\u00f3n como extremar precauciones ante el aumento de temperatura en el sur del estado y mantenerse informado a trav\u00e9s de los canales oficiales.<\/p>\n","protected":false},"excerpt":{"rendered":"<p>La Coordinaci\u00f3n General de Protecci\u00f3n Civil del Estado emiti\u00f3 el pron\u00f3stico meteorol\u00f3gico para este viernes 23 de enero, en el que se identifican condiciones de contraste t\u00e9rmico y precipitaciones en regiones espec\u00edficas de la entidad. De acuerdo con el reporte oficial, la regi\u00f3n de la Mixteca registrar\u00e1 las temperaturas m\u00e1s elevadas del estado, con un [&hellip;]<\/p>\n","protected":false},"author":1,"featured_media":75375,"comment_status":"open","ping_status":"open","sticky":false,"template":"","format":"standard","meta":{"om_disable_all_campaigns":false,"_monsterinsights_skip_tracking":false,"_monsterinsights_sitenote_active":false,"_monsterinsights_sitenote_note":"","_monsterinsights_sitenote_category":0,"footnotes":""},"categories":[175],"tags":[],"class_list":["post-75374","post","type-post","status-publish","format-standard","has-post-thumbnail","hentry","category-local"],"amp_enabled":true,"_links":{"self":[{"href":"https:\/\/lahora.mx\/index.php\/wp-json\/wp\/v2\/posts\/75374","targetHints":{"allow":["GET"]}}],"collection":[{"href":"https:\/\/lahora.mx\/index.php\/wp-json\/wp\/v2\/posts"}],"about":[{"href":"https:\/\/lahora.mx\/index.php\/wp-json\/wp\/v2\/types\/post"}],"author":[{"embeddable":true,"href":"https:\/\/lahora.mx\/index.php\/wp-json\/wp\/v2\/users\/1"}],"replies":[{"embeddable":true,"href":"https:\/\/lahora.mx\/index.php\/wp-json\/wp\/v2\/comments?post=75374"}],"version-history":[{"count":1,"href":"https:\/\/lahora.mx\/index.php\/wp-json\/wp\/v2\/posts\/75374\/revisions"}],"predecessor-version":[{"id":75376,"href":"https:\/\/lahora.mx\/index.php\/wp-json\/wp\/v2\/posts\/75374\/revisions\/75376"}],"wp:featuredmedia":[{"embeddable":true,"href":"https:\/\/lahora.mx\/index.php\/wp-json\/wp\/v2\/media\/75375"}],"wp:attachment":[{"href":"https:\/\/lahora.mx\/index.php\/wp-json\/wp\/v2\/media?parent=75374"}],"wp:term":[{"taxonomy":"category","embeddable":true,"href":"https:\/\/lahora.mx\/index.php\/wp-json\/wp\/v2\/categories?post=75374"},{"taxonomy":"post_tag","embeddable":true,"href":"https:\/\/lahora.mx\/index.php\/wp-json\/wp\/v2\/tags?post=75374"}],"curies":[{"name":"wp","href":"https:\/\/api.w.org\/{rel}","templated":true}]}}