{"id":75371,"date":"2026-01-23T14:26:03","date_gmt":"2026-01-23T14:26:03","guid":{"rendered":"https:\/\/lahora.mx\/?p=75371"},"modified":"2026-01-23T14:26:04","modified_gmt":"2026-01-23T14:26:04","slug":"cnpc-insta-a-poblacion-reforzar-medidas-de-autocuidado-por-bajas-temperaturas","status":"publish","type":"post","link":"https:\/\/lahora.mx\/index.php\/2026\/01\/23\/cnpc-insta-a-poblacion-reforzar-medidas-de-autocuidado-por-bajas-temperaturas\/","title":{"rendered":"CNPC insta a poblaci\u00f3n reforzar medidas de autocuidado por bajas temperaturas"},"content":{"rendered":"\n<p>La Coordinaci\u00f3n Nacional de Protecci\u00f3n Civil (CNPC), de la Secretar\u00eda de Seguridad y Protecci\u00f3n Ciudadana (SSPC) hace un llamado a la poblaci\u00f3n a reforzar las medidas preventivas ante el pron\u00f3stico de condiciones clim\u00e1ticas severas para las pr\u00f3ximas 72 horas.<\/p>\n\n\n\n<p>De acuerdo con el Servicio Meteorol\u00f3gico Nacional (SMN), durante el transcurso de este viernes 23 de enero, se prev\u00e9 el desarrollo de la Tercera Tormenta Invernal de la temporada. Este fen\u00f3meno, en interacci\u00f3n con el reforzamiento del Frente Fr\u00edo N\u00famero 30 y el ingreso de un nuevo sistema frontal (el n\u00famero 31), provocar\u00e1 un marcado descenso de temperatura y condiciones invernales cr\u00edticas. Se destaca la probabilidad de ca\u00edda de nieve y aguanieve en las zonas serranas de Baja California, Sonora, Chihuahua, Durango y Sinaloa.<br>Las autoridades federales ponen especial \u00e9nfasis en el estado de Coahuila, donde la interacci\u00f3n de estos sistemas generar\u00e1 vientos con rachas de 50 a 70 km\/h y condiciones propicias para la formaci\u00f3n de torbellinos o tornados en la regi\u00f3n norte de dicha entidad durante la noche del viernes. Asimismo, para el s\u00e1bado 24 de enero, los efectos se extender\u00e1n hacia el noreste, provocando un evento de \u00abNorte\u00bb con rachas de igual intensidad en las costas de Tamaulipas y lluvias puntuales intensas en Durango.<\/p>\n\n\n\n<p>Ante este escenario, la CNPC exhorta a la ciudadan\u00eda a mantener las medidas de autocuidado. Es fundamental vestir utilizando el m\u00e9todo de capas, cubriendo el cuerpo con ropa t\u00e9rmica interior y una capa externa impermeable; proteger rostro y cabeza para evitar la entrada directa de aire g\u00e9lido a los pulmones; y extremar precauciones al utilizar sistemas de calefacci\u00f3n a gas o le\u00f1a, manteniendo siempre una ventilaci\u00f3n adecuada para evitar intoxicaciones por mon\u00f3xido de carbono.<\/p>\n\n\n\n<p>En materia de seguridad vial, se recomienda a los conductores que transiten por carreteras del noroeste y norte del territorio nacional reducir la velocidad y encender luces de niebla ante la posible cristalizaci\u00f3n de la cinta asf\u00e1ltica.<\/p>\n\n\n\n<p>Debido a que las condiciones meteorol\u00f3gicas ser\u00e1n din\u00e1micas, el Gobierno de M\u00e9xico reitera la importancia de ignorar rumores y mantenerse atentos a los avisos emitidos exclusivamente a trav\u00e9s de fuentes oficiales de las autoridades locales, as\u00ed como de las cuentas institucionales de la CNPCmx y el SMN.<\/p>\n","protected":false},"excerpt":{"rendered":"<p>La Coordinaci\u00f3n Nacional de Protecci\u00f3n Civil (CNPC), de la Secretar\u00eda de Seguridad y Protecci\u00f3n Ciudadana (SSPC) hace un llamado a la poblaci\u00f3n a reforzar las medidas preventivas ante el pron\u00f3stico de condiciones clim\u00e1ticas severas para las pr\u00f3ximas 72 horas. De acuerdo con el Servicio Meteorol\u00f3gico Nacional (SMN), durante el transcurso de este viernes 23 de [&hellip;]<\/p>\n","protected":false},"author":1,"featured_media":75372,"comment_status":"open","ping_status":"open","sticky":false,"template":"","format":"standard","meta":{"om_disable_all_campaigns":false,"_monsterinsights_skip_tracking":false,"_monsterinsights_sitenote_active":false,"_monsterinsights_sitenote_note":"","_monsterinsights_sitenote_category":0,"footnotes":""},"categories":[175],"tags":[195,223],"class_list":["post-75371","post","type-post","status-publish","format-standard","has-post-thumbnail","hentry","category-local","tag-principal","tag-puebla"],"amp_enabled":true,"_links":{"self":[{"href":"https:\/\/lahora.mx\/index.php\/wp-json\/wp\/v2\/posts\/75371","targetHints":{"allow":["GET"]}}],"collection":[{"href":"https:\/\/lahora.mx\/index.php\/wp-json\/wp\/v2\/posts"}],"about":[{"href":"https:\/\/lahora.mx\/index.php\/wp-json\/wp\/v2\/types\/post"}],"author":[{"embeddable":true,"href":"https:\/\/lahora.mx\/index.php\/wp-json\/wp\/v2\/users\/1"}],"replies":[{"embeddable":true,"href":"https:\/\/lahora.mx\/index.php\/wp-json\/wp\/v2\/comments?post=75371"}],"version-history":[{"count":1,"href":"https:\/\/lahora.mx\/index.php\/wp-json\/wp\/v2\/posts\/75371\/revisions"}],"predecessor-version":[{"id":75373,"href":"https:\/\/lahora.mx\/index.php\/wp-json\/wp\/v2\/posts\/75371\/revisions\/75373"}],"wp:featuredmedia":[{"embeddable":true,"href":"https:\/\/lahora.mx\/index.php\/wp-json\/wp\/v2\/media\/75372"}],"wp:attachment":[{"href":"https:\/\/lahora.mx\/index.php\/wp-json\/wp\/v2\/media?parent=75371"}],"wp:term":[{"taxonomy":"category","embeddable":true,"href":"https:\/\/lahora.mx\/index.php\/wp-json\/wp\/v2\/categories?post=75371"},{"taxonomy":"post_tag","embeddable":true,"href":"https:\/\/lahora.mx\/index.php\/wp-json\/wp\/v2\/tags?post=75371"}],"curies":[{"name":"wp","href":"https:\/\/api.w.org\/{rel}","templated":true}]}}