{"id":75349,"date":"2026-01-23T00:43:00","date_gmt":"2026-01-23T00:43:00","guid":{"rendered":"https:\/\/lahora.mx\/?p=75349"},"modified":"2026-01-23T00:43:01","modified_gmt":"2026-01-23T00:43:01","slug":"sep-inicia-investigacion-en-bine-tras-agresion-de-padre-de-familia-a-maestro","status":"publish","type":"post","link":"https:\/\/lahora.mx\/index.php\/2026\/01\/23\/sep-inicia-investigacion-en-bine-tras-agresion-de-padre-de-familia-a-maestro\/","title":{"rendered":"SEP inicia investigaci\u00f3n en BINE tras agresi\u00f3n de padre de familia a maestro"},"content":{"rendered":"\n<p>La Secretar\u00eda de Educaci\u00f3n P\u00fablica del Estado informa que inici\u00f3 una investigaci\u00f3n formal ante los hechos ocurridos el pasado mi\u00e9rcoles 21 de enero del presente a\u00f1o en el Benem\u00e9rito Instituto Normal del Estado \u201cGral. Juan Cris\u00f3stomo Bonilla\u201d, con la finalidad de garantizar los derechos individuales y constitucionales de la comunidad estudiantil y docente.<\/p>\n\n\n\n<p>La dependencia mantiene una pol\u00edtica de puertas abiertas para atender a las madres y padres de familia que busquen orientaci\u00f3n y apoyo ante situaciones irregulares en los planteles educativos.<br>El compromiso de la instituci\u00f3n es otorgar seguridad en el plantel, con el prop\u00f3sito de que los procesos educativos se lleven a cabo conforme a los preceptos de la Nueva Escuela Mexicana (NEM), la cual promueve el respeto a los derechos individuales de los alumnos y a la dignidad humana.<\/p>\n\n\n\n<p>De acuerdo a testigos, un padre de familia golpe\u00f3 a un maestro por supuestamente presuntamente, enviar mensajes por celular con contenido sexual a su hija<\/p>\n","protected":false},"excerpt":{"rendered":"<p>La Secretar\u00eda de Educaci\u00f3n P\u00fablica del Estado informa que inici\u00f3 una investigaci\u00f3n formal ante los hechos ocurridos el pasado mi\u00e9rcoles 21 de enero del presente a\u00f1o en el Benem\u00e9rito Instituto Normal del Estado \u201cGral. Juan Cris\u00f3stomo Bonilla\u201d, con la finalidad de garantizar los derechos individuales y constitucionales de la comunidad estudiantil y docente. La dependencia [&hellip;]<\/p>\n","protected":false},"author":1,"featured_media":75350,"comment_status":"open","ping_status":"open","sticky":false,"template":"","format":"standard","meta":{"om_disable_all_campaigns":false,"_monsterinsights_skip_tracking":false,"_monsterinsights_sitenote_active":false,"_monsterinsights_sitenote_note":"","_monsterinsights_sitenote_category":0,"footnotes":""},"categories":[175],"tags":[195,223],"class_list":["post-75349","post","type-post","status-publish","format-standard","has-post-thumbnail","hentry","category-local","tag-principal","tag-puebla"],"amp_enabled":true,"_links":{"self":[{"href":"https:\/\/lahora.mx\/index.php\/wp-json\/wp\/v2\/posts\/75349","targetHints":{"allow":["GET"]}}],"collection":[{"href":"https:\/\/lahora.mx\/index.php\/wp-json\/wp\/v2\/posts"}],"about":[{"href":"https:\/\/lahora.mx\/index.php\/wp-json\/wp\/v2\/types\/post"}],"author":[{"embeddable":true,"href":"https:\/\/lahora.mx\/index.php\/wp-json\/wp\/v2\/users\/1"}],"replies":[{"embeddable":true,"href":"https:\/\/lahora.mx\/index.php\/wp-json\/wp\/v2\/comments?post=75349"}],"version-history":[{"count":1,"href":"https:\/\/lahora.mx\/index.php\/wp-json\/wp\/v2\/posts\/75349\/revisions"}],"predecessor-version":[{"id":75351,"href":"https:\/\/lahora.mx\/index.php\/wp-json\/wp\/v2\/posts\/75349\/revisions\/75351"}],"wp:featuredmedia":[{"embeddable":true,"href":"https:\/\/lahora.mx\/index.php\/wp-json\/wp\/v2\/media\/75350"}],"wp:attachment":[{"href":"https:\/\/lahora.mx\/index.php\/wp-json\/wp\/v2\/media?parent=75349"}],"wp:term":[{"taxonomy":"category","embeddable":true,"href":"https:\/\/lahora.mx\/index.php\/wp-json\/wp\/v2\/categories?post=75349"},{"taxonomy":"post_tag","embeddable":true,"href":"https:\/\/lahora.mx\/index.php\/wp-json\/wp\/v2\/tags?post=75349"}],"curies":[{"name":"wp","href":"https:\/\/api.w.org\/{rel}","templated":true}]}}