{"id":75344,"date":"2026-01-22T18:56:36","date_gmt":"2026-01-22T18:56:36","guid":{"rendered":"https:\/\/lahora.mx\/?p=75344"},"modified":"2026-01-22T18:56:36","modified_gmt":"2026-01-22T18:56:36","slug":"destaca-la-presidenta-claudia-sheinbaum-reduccion-de-delitos-en-puebla","status":"publish","type":"post","link":"https:\/\/lahora.mx\/index.php\/2026\/01\/22\/destaca-la-presidenta-claudia-sheinbaum-reduccion-de-delitos-en-puebla\/","title":{"rendered":"Destaca la Presidenta Claudia Sheinbaum Reducci\u00f3n de Delitos en Puebla"},"content":{"rendered":"\n<p>&#8211; La secretaria de Gobernaci\u00f3n federal, Rosa Icela Rodr\u00edguez, reconoci\u00f3 la disposici\u00f3n del gobernador Alejandro Armenta para garantizar la paz en la entidad.<\/p>\n\n\n\n<p>&#8211; Con colaboraci\u00f3n interinstitucional e inteligencia,  de septiembre de 2024 a 2025 el delito de homicidio doloso disminuy\u00f3 41 por ciento, afirm\u00f3 el secretario de Seguridad y Protecci\u00f3n Ciudadana, Omar Garc\u00eda Harfuch.<\/p>\n\n\n\n<p>CIUDAD DE PUEBLA, Pue.- El Estado de Puebla registra importantes avances en materia de seguridad, as\u00ed lo di\u00f3 a conocer la presidenta de M\u00e9xico, Claudia Sheinbaum, durante su visita a la entidad, para encabezar la Mesa de Seguridad y la Ma\u00f1anera del Pueblo, donde destac\u00f3 la coordinaci\u00f3n entre la Secretar\u00eda de la Defensa Nacional (DEFENSA), Secretar\u00eda de la Marina (SEMAR), Guardia Nacional (GN) y las Secretar\u00edas de Seguridad P\u00fablica del Gobierno Federal y Estatal.El gobernador de Puebla, Alejandro Armenta, reconoci\u00f3 que a trav\u00e9s de la coordinaci\u00f3n con la DEFENSA, de la SEMAR y la GN, se logr\u00f3 la disminuci\u00f3n en la incidencia delictiva en la mayor\u00eda de los indicadores. <\/p>\n\n\n\n<p>Subray\u00f3 que en Puebla se atienden los cuatro ejes estrat\u00e9gicos que impulsa la presidenta de M\u00e9xico, Claudia Sheinbaum, bajo la directriz del secretario de Seguridad, Omar Garc\u00eda Harfuch.<\/p>\n\n\n\n<p>Refiri\u00f3 que en atenci\u00f3n a las causas se realizaron m\u00e1s de 200 Ferias de Paz y reconoci\u00f3 la aportaci\u00f3n de los 25 Centros LIBRE-Casas Carmen Serd\u00e1n para llegar a la reducci\u00f3n del delito de feminicidio en 43 por ciento. <\/p>\n\n\n\n<p>Record\u00f3 que a trav\u00e9s de la creaci\u00f3n de la Universidad Policial en 2025 se graduaron 300 elementos y el objetivo para el presente a\u00f1o es contar con mil efectivos m\u00e1s. <\/p>\n\n\n\n<p>El titular del Ejecutivo estatal indic\u00f3 que a la fecha se cuenta con siete Centros Estrat\u00e9gicos de Seguridad y Atenci\u00f3n Tur\u00edstica (CESAT), 14 torres de videovigilancia, 300 patrullas con c\u00e1maras y mil 500 alarmas vecinales en Puebla capital y la zona metropolitana. <\/p>\n\n\n\n<p>Resalt\u00f3 que, derivado del operativo \u00abPuebla Segura\u00bb, a trav\u00e9s de supervisiones por aire y tierra, desde el 11 de diciembre con la disposici\u00f3n de dos helic\u00f3pteros se realizaron sobrevuelos en la capital y zona metropolitana, con el prop\u00f3sito de tener mayor capacidad de operaci\u00f3n y respuesta inmediata.La secretaria de Gobernaci\u00f3n, Rosa Icela Rodr\u00edguez, reconoci\u00f3 la disposici\u00f3n y participaci\u00f3n del gobernador y el gabinete estatal para garantizar la paz en la entidad. <\/p>\n\n\n\n<p>Inform\u00f3 que durante 2025 como parte del primer eje de atenci\u00f3n a las causas se desarrollaron mesas de paz en coordinaci\u00f3n con los tres \u00f3rdenes de gobierno. <\/p>\n\n\n\n<p>Explic\u00f3 que se llevaron a cabo 267 sesiones de Mesas de Paz Estatal y 2 mil 945 regionales, adem\u00e1s indic\u00f3 que se instalaron 218 Consejos de Paz y Justicia C\u00edvica, con el prop\u00f3sito de atender las causas que generan violencia.<\/p>\n\n\n\n<p>Mencion\u00f3 que en conjunto con la DEFENSA y las autoridades estatales se puso en operaci\u00f3n el Programa \u00abS\u00ed al Desarme, S\u00ed a la Paz\u00bb, en 25 municipios de la entidad, donde fueron entregadas 386 armas de fuego, lo anterior del 1 de octubre a diciembre de 2025.<\/p>\n\n\n\n<p>El secretario de Seguridad y Protecci\u00f3n Ciudadana, Omar Garc\u00eda Harfuch, dijo que en Puebla, con el liderazgo de la presidenta de M\u00e9xico, se ha fortalecido la pol\u00edtica de seguridad basada en la coordinaci\u00f3n interinstitucional y el trabajo de inteligencia, ha permitido resultados importantes y disminuci\u00f3n de la incidencia delictiva. <\/p>\n\n\n\n<p>Detall\u00f3 que de septiembre de 2024 a diciembre de 2025 el delito de homicidio doloso disminuy\u00f3 41 por ciento; adem\u00e1s indic\u00f3 que los delitos de alto impacto en el mismo periodo descendieron 11 por ciento. Refiri\u00f3 que del 1 de octubre de 2024 al 15 de enero de 2026 se detuvieron a mil 365 personas por delitos de alto impacto, se decomisaron m\u00e1s de 400 armas de fuego y m\u00e1s de 300 kilos de droga.<\/p>\n\n\n\n<p>En el combate a la extorsi\u00f3n se\u00f1al\u00f3 que en Puebla se tienen 119 carpetas de investigaci\u00f3n, lo que deriv\u00f3 en la detenci\u00f3n de nueve personas y la inhabilitaci\u00f3n de 49 l\u00edneas que eran utilizadas para cometer dicho delito, con estas acciones enfatiz\u00f3 que disminuy\u00f3 16.7 por ciento la extorsi\u00f3n en la entidad. <\/p>\n\n\n\n<p>El secretario de  Seguridad y Protecci\u00f3n Ciudadana,  Omar Garc\u00eda Harfuch, detall\u00f3 que se logr\u00f3 la detenci\u00f3n de diversas personas relacionadas con el delito de extorsi\u00f3n, lo que permiti\u00f3 desarticular c\u00e9lulas criminales y proteger a las familias poblanas. En el mercado il\u00edcito de combustibles destac\u00f3 la captura de cuatro personas en la autopista Puebla-Veracruz, donde se lograron recuperar 250 mil litros de residuos y 40 mil litros de combustible. <\/p>\n\n\n\n<p>Agreg\u00f3 que se detuvo a diversos l\u00edderes, operadores vinculados a homicidios, tr\u00e1fico de drogas y generales de violencia en los municipios de Puebla, Tecamachalco, Tepeaca, San Andr\u00e9s Cholula y Atlixco.<\/p>\n\n\n\n<p><\/p>\n","protected":false},"excerpt":{"rendered":"<p>&#8211; La secretaria de Gobernaci\u00f3n federal, Rosa Icela Rodr\u00edguez, reconoci\u00f3 la disposici\u00f3n del gobernador Alejandro Armenta para garantizar la paz en la entidad. &#8211; Con colaboraci\u00f3n interinstitucional e inteligencia, de septiembre de 2024 a 2025 el delito de homicidio doloso disminuy\u00f3 41 por ciento, afirm\u00f3 el secretario de Seguridad y Protecci\u00f3n Ciudadana, Omar Garc\u00eda Harfuch. [&hellip;]<\/p>\n","protected":false},"author":1,"featured_media":75345,"comment_status":"open","ping_status":"open","sticky":false,"template":"","format":"standard","meta":{"om_disable_all_campaigns":false,"_monsterinsights_skip_tracking":false,"_monsterinsights_sitenote_active":false,"_monsterinsights_sitenote_note":"","_monsterinsights_sitenote_category":0,"footnotes":""},"categories":[175],"tags":[239,195,223],"class_list":["post-75344","post","type-post","status-publish","format-standard","has-post-thumbnail","hentry","category-local","tag-gobierno","tag-principal","tag-puebla"],"amp_enabled":true,"_links":{"self":[{"href":"https:\/\/lahora.mx\/index.php\/wp-json\/wp\/v2\/posts\/75344","targetHints":{"allow":["GET"]}}],"collection":[{"href":"https:\/\/lahora.mx\/index.php\/wp-json\/wp\/v2\/posts"}],"about":[{"href":"https:\/\/lahora.mx\/index.php\/wp-json\/wp\/v2\/types\/post"}],"author":[{"embeddable":true,"href":"https:\/\/lahora.mx\/index.php\/wp-json\/wp\/v2\/users\/1"}],"replies":[{"embeddable":true,"href":"https:\/\/lahora.mx\/index.php\/wp-json\/wp\/v2\/comments?post=75344"}],"version-history":[{"count":1,"href":"https:\/\/lahora.mx\/index.php\/wp-json\/wp\/v2\/posts\/75344\/revisions"}],"predecessor-version":[{"id":75346,"href":"https:\/\/lahora.mx\/index.php\/wp-json\/wp\/v2\/posts\/75344\/revisions\/75346"}],"wp:featuredmedia":[{"embeddable":true,"href":"https:\/\/lahora.mx\/index.php\/wp-json\/wp\/v2\/media\/75345"}],"wp:attachment":[{"href":"https:\/\/lahora.mx\/index.php\/wp-json\/wp\/v2\/media?parent=75344"}],"wp:term":[{"taxonomy":"category","embeddable":true,"href":"https:\/\/lahora.mx\/index.php\/wp-json\/wp\/v2\/categories?post=75344"},{"taxonomy":"post_tag","embeddable":true,"href":"https:\/\/lahora.mx\/index.php\/wp-json\/wp\/v2\/tags?post=75344"}],"curies":[{"name":"wp","href":"https:\/\/api.w.org\/{rel}","templated":true}]}}