{"id":75338,"date":"2026-01-22T17:43:13","date_gmt":"2026-01-22T17:43:13","guid":{"rendered":"https:\/\/lahora.mx\/?p=75338"},"modified":"2026-01-22T19:02:30","modified_gmt":"2026-01-22T19:02:30","slug":"se-atrasa-la-justicia-audiencia-por-muerte-de-mayca-alvarez-en-la-atlixcayotl-se-pospone","status":"publish","type":"post","link":"https:\/\/lahora.mx\/index.php\/2026\/01\/22\/se-atrasa-la-justicia-audiencia-por-muerte-de-mayca-alvarez-en-la-atlixcayotl-se-pospone\/","title":{"rendered":"Audiencia por muerte de Mayca \u00c1lvarez se pospone"},"content":{"rendered":"\n<p>Fue diferida la audiencia por el homicidio culposo de Mayca \u00c1lvarez en la V\u00eda Atlixc\u00e1yotl. Su hermana, Mariana, aclar\u00f3 que esta decisi\u00f3n la tomaron debido a que los abogados no conoc\u00edan por completo la carpeta de investigaci\u00f3n; adem\u00e1s, de que supuestamente, la otra parte no estaba en condiciones.<br>Despu\u00e9s de una hora en Casa de Justicia de San Andr\u00e9s Cholula, la hermana de Mayca \u00c1lvarez, inform\u00f3 ante medios de comunicaci\u00f3n que fue diferida la audiencia que se ten\u00eda programada, para conocer qu\u00e9 iba a suceder y cu\u00e1l ser\u00eda la situaci\u00f3n legal de Luz Mar\u00eda N., presunta responsable del homicidio de Mayca, ocurrido hace m\u00e1s de un mes en la V\u00eda Atlixc\u00e1yotl.<\/p>\n\n\n\n<p>La decisi\u00f3n fue tomada luego de que un juez considerara que la otra parte no estaba en condiciones, aunado a que, los abogados dijeron no conocer la carpeta de investigaci\u00f3n a profundidad, por lo cual, dicho proceso judicial se program\u00f3 para el viernes 23 de enero a las 08:00 horas en el mismo lugar.<\/p>\n\n\n\n<p>En ese sentido, Mariana, explic\u00f3 que las autoridades est\u00e1n en la mejor disposici\u00f3n de que se haga justicia; por lo cual, ella espera que la responsable de la muerte de su hermana pague conforme a la Ley, situaci\u00f3n que ser\u00e1 definida el d\u00eda de ma\u00f1ana durante audiencia en donde se pretende saber qu\u00e9 pasar\u00e1 con el amparo que interpuso la defensa de Luz Mar\u00eda N. para evitar la c\u00e1rcel.<\/p>\n","protected":false},"excerpt":{"rendered":"<p>Fue diferida la audiencia por el homicidio culposo de Mayca \u00c1lvarez en la V\u00eda Atlixc\u00e1yotl. Su hermana, Mariana, aclar\u00f3 que esta decisi\u00f3n la tomaron debido a que los abogados no conoc\u00edan por completo la carpeta de investigaci\u00f3n; adem\u00e1s, de que supuestamente, la otra parte no estaba en condiciones.Despu\u00e9s de una hora en Casa de Justicia [&hellip;]<\/p>\n","protected":false},"author":1,"featured_media":75339,"comment_status":"open","ping_status":"open","sticky":false,"template":"","format":"standard","meta":{"om_disable_all_campaigns":false,"_monsterinsights_skip_tracking":false,"_monsterinsights_sitenote_active":false,"_monsterinsights_sitenote_note":"","_monsterinsights_sitenote_category":0,"footnotes":""},"categories":[226,5],"tags":[195,223,282],"class_list":["post-75338","post","type-post","status-publish","format-standard","has-post-thumbnail","hentry","category-policia","category-politica","tag-principal","tag-puebla","tag-seguridad"],"amp_enabled":true,"_links":{"self":[{"href":"https:\/\/lahora.mx\/index.php\/wp-json\/wp\/v2\/posts\/75338","targetHints":{"allow":["GET"]}}],"collection":[{"href":"https:\/\/lahora.mx\/index.php\/wp-json\/wp\/v2\/posts"}],"about":[{"href":"https:\/\/lahora.mx\/index.php\/wp-json\/wp\/v2\/types\/post"}],"author":[{"embeddable":true,"href":"https:\/\/lahora.mx\/index.php\/wp-json\/wp\/v2\/users\/1"}],"replies":[{"embeddable":true,"href":"https:\/\/lahora.mx\/index.php\/wp-json\/wp\/v2\/comments?post=75338"}],"version-history":[{"count":2,"href":"https:\/\/lahora.mx\/index.php\/wp-json\/wp\/v2\/posts\/75338\/revisions"}],"predecessor-version":[{"id":75348,"href":"https:\/\/lahora.mx\/index.php\/wp-json\/wp\/v2\/posts\/75338\/revisions\/75348"}],"wp:featuredmedia":[{"embeddable":true,"href":"https:\/\/lahora.mx\/index.php\/wp-json\/wp\/v2\/media\/75339"}],"wp:attachment":[{"href":"https:\/\/lahora.mx\/index.php\/wp-json\/wp\/v2\/media?parent=75338"}],"wp:term":[{"taxonomy":"category","embeddable":true,"href":"https:\/\/lahora.mx\/index.php\/wp-json\/wp\/v2\/categories?post=75338"},{"taxonomy":"post_tag","embeddable":true,"href":"https:\/\/lahora.mx\/index.php\/wp-json\/wp\/v2\/tags?post=75338"}],"curies":[{"name":"wp","href":"https:\/\/api.w.org\/{rel}","templated":true}]}}