{"id":75332,"date":"2026-01-22T17:40:19","date_gmt":"2026-01-22T17:40:19","guid":{"rendered":"https:\/\/lahora.mx\/?p=75332"},"modified":"2026-01-22T17:40:20","modified_gmt":"2026-01-22T17:40:20","slug":"detienen-en-michoacan-a-el-botox-por-asesinato-de-lider-limonero","status":"publish","type":"post","link":"https:\/\/lahora.mx\/index.php\/2026\/01\/22\/detienen-en-michoacan-a-el-botox-por-asesinato-de-lider-limonero\/","title":{"rendered":"Detienen en Michoac\u00e1n a \u201cEl Botox\u201d, por asesinato de l\u00edder limonero"},"content":{"rendered":"\n<p>El titular de la Secretar\u00eda de Seguridad y Protecci\u00f3n Ciudadana (SSPC), Omar Garc\u00eda Harfuch, inform\u00f3 de la detenci\u00f3n de C\u00e9sar Alejandro Sep\u00falveda Arellano, mejor conocido como \u201cEl Botox\u201d.<\/p>\n\n\n\n<p>\u201cEs responsable de extorsiones a los limoneros, otros productores, y de homicidios, incluyendo al l\u00edder limonero Bernardo Bravo\u201d, se\u00f1al\u00f3 durante la ma\u00f1anera del Pueblo que llev\u00f3 a cabo en Puebla.<\/p>\n\n\n\n<p>Se\u00f1al\u00f3 que \u201cEl Botox\u201d es investigado por su presunta participaci\u00f3n en el asesinato del l\u00edder limonero Bernardo Bravo, crimen registrado en octubre de 2025, as\u00ed como por su posible responsabilidad en una red de extorsiones contra productores agr\u00edcolas en distintas zonas de Michoac\u00e1n.<\/p>\n\n\n\n<p>Te puede interesar:<\/p>\n\n\n\n<p>Asesinan a l\u00edder limonero de Michoac\u00e1n; organizaba a agricultores vs el narco<\/p>\n\n\n\n<p>flecha derecha<\/p>\n\n\n\n<p>La detenci\u00f3n se realiz\u00f3 en la comunidad de Cenobio Moreno, municipio de Apatzing\u00e1n, tras un operativo conjunto en el que participaron elementos de la SSPC, la Marina, el Ej\u00e9rcito y la Fiscal\u00eda General del Estado de Michoac\u00e1n.<\/p>\n\n\n\n<p>\u201cEl Botox\u201d estaba en la mira de las autoridades desde meses atr\u00e1s por su presunta participaci\u00f3n en violencia organizada y delitos como secuestro y extorsi\u00f3n vinculados al grupo delictivo Los Blancos de Troya, con posibles conexiones a c\u00e9lulas mayores del crimen organizado.<\/p>\n\n\n\n<p>La detenci\u00f3n se da despu\u00e9s de que \u201cEl Botox\u201d difundiera videos en redes sociales en los que se dirig\u00eda tanto a la presidenta Claudia Sheinbaum como a Omar Garc\u00eda Harfuch, negando su responsabilidad en el asesinato del l\u00edder limonero Bernardo Bravo y exigiendo la liberaci\u00f3n de su esposa e hija, quienes, seg\u00fan \u00e9l, hab\u00edan sido detenidas de manera injusta.<\/p>\n\n\n\n<p>La investigaci\u00f3n contin\u00faa; con esta detenci\u00f3n suman al menos tres personas vinculadas al homicidio de Bernardo Bravo, mientras se esperan m\u00e1s avances en las indagatorias.<\/p>\n","protected":false},"excerpt":{"rendered":"<p>El titular de la Secretar\u00eda de Seguridad y Protecci\u00f3n Ciudadana (SSPC), Omar Garc\u00eda Harfuch, inform\u00f3 de la detenci\u00f3n de C\u00e9sar Alejandro Sep\u00falveda Arellano, mejor conocido como \u201cEl Botox\u201d. \u201cEs responsable de extorsiones a los limoneros, otros productores, y de homicidios, incluyendo al l\u00edder limonero Bernardo Bravo\u201d, se\u00f1al\u00f3 durante la ma\u00f1anera del Pueblo que llev\u00f3 a [&hellip;]<\/p>\n","protected":false},"author":1,"featured_media":75333,"comment_status":"open","ping_status":"open","sticky":false,"template":"","format":"standard","meta":{"om_disable_all_campaigns":false,"_monsterinsights_skip_tracking":false,"_monsterinsights_sitenote_active":false,"_monsterinsights_sitenote_note":"","_monsterinsights_sitenote_category":0,"footnotes":""},"categories":[226],"tags":[],"class_list":["post-75332","post","type-post","status-publish","format-standard","has-post-thumbnail","hentry","category-policia"],"amp_enabled":true,"_links":{"self":[{"href":"https:\/\/lahora.mx\/index.php\/wp-json\/wp\/v2\/posts\/75332","targetHints":{"allow":["GET"]}}],"collection":[{"href":"https:\/\/lahora.mx\/index.php\/wp-json\/wp\/v2\/posts"}],"about":[{"href":"https:\/\/lahora.mx\/index.php\/wp-json\/wp\/v2\/types\/post"}],"author":[{"embeddable":true,"href":"https:\/\/lahora.mx\/index.php\/wp-json\/wp\/v2\/users\/1"}],"replies":[{"embeddable":true,"href":"https:\/\/lahora.mx\/index.php\/wp-json\/wp\/v2\/comments?post=75332"}],"version-history":[{"count":1,"href":"https:\/\/lahora.mx\/index.php\/wp-json\/wp\/v2\/posts\/75332\/revisions"}],"predecessor-version":[{"id":75334,"href":"https:\/\/lahora.mx\/index.php\/wp-json\/wp\/v2\/posts\/75332\/revisions\/75334"}],"wp:featuredmedia":[{"embeddable":true,"href":"https:\/\/lahora.mx\/index.php\/wp-json\/wp\/v2\/media\/75333"}],"wp:attachment":[{"href":"https:\/\/lahora.mx\/index.php\/wp-json\/wp\/v2\/media?parent=75332"}],"wp:term":[{"taxonomy":"category","embeddable":true,"href":"https:\/\/lahora.mx\/index.php\/wp-json\/wp\/v2\/categories?post=75332"},{"taxonomy":"post_tag","embeddable":true,"href":"https:\/\/lahora.mx\/index.php\/wp-json\/wp\/v2\/tags?post=75332"}],"curies":[{"name":"wp","href":"https:\/\/api.w.org\/{rel}","templated":true}]}}