{"id":75314,"date":"2026-01-22T15:17:15","date_gmt":"2026-01-22T15:17:15","guid":{"rendered":"https:\/\/lahora.mx\/?p=75314"},"modified":"2026-01-22T15:17:17","modified_gmt":"2026-01-22T15:17:17","slug":"hay-reduccion-de-homicidios-y-delitos-de-alto-impacto-en-puebla-garcia-harfuch-2","status":"publish","type":"post","link":"https:\/\/lahora.mx\/index.php\/2026\/01\/22\/hay-reduccion-de-homicidios-y-delitos-de-alto-impacto-en-puebla-garcia-harfuch-2\/","title":{"rendered":"Hay reducci\u00f3n de homicidios y delitos de alto impacto en Puebla: Garc\u00eda Harfuch"},"content":{"rendered":"\n<p>Durante la conferencia de prensa encabezada por la presidenta Claudia Sheinbaum desde Puebla, este 22 de enero, se inform\u00f3 que la entidad registr\u00f3 una disminuci\u00f3n significativa en los \u00edndices de violencia entre septiembre de 2024 y diciembre de 2025. El titular de la Secretar\u00eda de Seguridad y Protecci\u00f3n Ciudadana, Omar Garc\u00eda Harfuch, dio a conocer que en ese periodo los homicidios se redujeron en 41 por ciento, mientras que los delitos de alto impacto presentaron una baja del 11 por ciento.<\/p>\n\n\n\n<p>De acuerdo con los datos presentados, al 31 de diciembre de 2025 el promedio diario de homicidios dolosos mostr\u00f3 una tendencia a la baja en los \u00faltimos diecis\u00e9is meses. Al comparar septiembre de 2024 con diciembre de 2025, el promedio pas\u00f3 de 3.97 a 2.35 homicidios diarios, lo que refleja una reducci\u00f3n del 41 por ciento en este delito.<\/p>\n\n\n\n<p>En cuanto a los delitos de alto impacto, la gr\u00e1fica expuesta durante la conferencia mostr\u00f3 el comportamiento de estos il\u00edcitos de 2018 a 2025. Al contrastar los registros de 2024 con los de 2025, se observ\u00f3 una disminuci\u00f3n del 11 por ciento, al pasar de un promedio diario de 42.8 a 38.2 delitos.<\/p>\n\n\n\n<p>Omar Garc\u00eda Harfuch destac\u00f3 que estos resultados son producto del trabajo coordinado entre las instituciones del Gabinete de Seguridad y las autoridades estatales, esfuerzo que se ha fortalecido desde el inicio de la administraci\u00f3n de la presidenta Claudia Sheinbaum y que ha permitido avanzar en la reducci\u00f3n de la violencia en Puebla.<\/p>\n","protected":false},"excerpt":{"rendered":"<p>Durante la conferencia de prensa encabezada por la presidenta Claudia Sheinbaum desde Puebla, este 22 de enero, se inform\u00f3 que la entidad registr\u00f3 una disminuci\u00f3n significativa en los \u00edndices de violencia entre septiembre de 2024 y diciembre de 2025. El titular de la Secretar\u00eda de Seguridad y Protecci\u00f3n Ciudadana, Omar Garc\u00eda Harfuch, dio a conocer [&hellip;]<\/p>\n","protected":false},"author":1,"featured_media":75315,"comment_status":"open","ping_status":"open","sticky":false,"template":"","format":"standard","meta":{"om_disable_all_campaigns":false,"_monsterinsights_skip_tracking":false,"_monsterinsights_sitenote_active":false,"_monsterinsights_sitenote_note":"","_monsterinsights_sitenote_category":0,"footnotes":""},"categories":[176],"tags":[],"class_list":["post-75314","post","type-post","status-publish","format-standard","has-post-thumbnail","hentry","category-nacional"],"amp_enabled":true,"_links":{"self":[{"href":"https:\/\/lahora.mx\/index.php\/wp-json\/wp\/v2\/posts\/75314","targetHints":{"allow":["GET"]}}],"collection":[{"href":"https:\/\/lahora.mx\/index.php\/wp-json\/wp\/v2\/posts"}],"about":[{"href":"https:\/\/lahora.mx\/index.php\/wp-json\/wp\/v2\/types\/post"}],"author":[{"embeddable":true,"href":"https:\/\/lahora.mx\/index.php\/wp-json\/wp\/v2\/users\/1"}],"replies":[{"embeddable":true,"href":"https:\/\/lahora.mx\/index.php\/wp-json\/wp\/v2\/comments?post=75314"}],"version-history":[{"count":1,"href":"https:\/\/lahora.mx\/index.php\/wp-json\/wp\/v2\/posts\/75314\/revisions"}],"predecessor-version":[{"id":75316,"href":"https:\/\/lahora.mx\/index.php\/wp-json\/wp\/v2\/posts\/75314\/revisions\/75316"}],"wp:featuredmedia":[{"embeddable":true,"href":"https:\/\/lahora.mx\/index.php\/wp-json\/wp\/v2\/media\/75315"}],"wp:attachment":[{"href":"https:\/\/lahora.mx\/index.php\/wp-json\/wp\/v2\/media?parent=75314"}],"wp:term":[{"taxonomy":"category","embeddable":true,"href":"https:\/\/lahora.mx\/index.php\/wp-json\/wp\/v2\/categories?post=75314"},{"taxonomy":"post_tag","embeddable":true,"href":"https:\/\/lahora.mx\/index.php\/wp-json\/wp\/v2\/tags?post=75314"}],"curies":[{"name":"wp","href":"https:\/\/api.w.org\/{rel}","templated":true}]}}