{"id":75284,"date":"2026-01-22T01:43:12","date_gmt":"2026-01-22T01:43:12","guid":{"rendered":"https:\/\/lahora.mx\/?p=75284"},"modified":"2026-01-22T01:43:13","modified_gmt":"2026-01-22T01:43:13","slug":"rusia-observa-con-cautela-y-satisfaccion-la-disputa-entre-estados-unidos-y-europa-por-groenlandia","status":"publish","type":"post","link":"https:\/\/lahora.mx\/index.php\/2026\/01\/22\/rusia-observa-con-cautela-y-satisfaccion-la-disputa-entre-estados-unidos-y-europa-por-groenlandia\/","title":{"rendered":"Rusia observa con cautela y satisfacci\u00f3n la disputa entre Estados Unidos y Europa por Groenlandia"},"content":{"rendered":"\n<p>El Kremlin sigue con atenci\u00f3n, y cierta satisfacci\u00f3n, el creciente conflicto diplom\u00e1tico entre Estados Unidos y Europa por el control de Groenlandia , un episodio que ha desviado parte de la atenci\u00f3n internacional de la guerra en Ucrania y ofreci\u00f3 a Vlad\u00edmir Putin un respiro pol\u00edtico ante las cr\u00edticas occidentales.<\/p>\n\n\n\n<p>A medida que aumentaban las tensiones por el inter\u00e9s del presidente estadounidense Donald Trump en adquirir la isla, funcionarios y medios rusos respondieron con una combinaci\u00f3n de iron\u00eda, expectativa y cautela . Algunos consideraron el movimiento de Trump como un hecho \u201chist\u00f3rico\u201d, mientras otros subrayaron que la disputa debilita a la Uni\u00f3n Europea ya la OTAN , dos alianzas percibidas por Mosc\u00fa como adversarias.<\/p>\n\n\n\n<p>El Kremlin evit\u00f3 fijar una postura directa, aunque su portavoz Dmitri Peskov reconoci\u00f3 que, de concretarse la adquisici\u00f3n, tendr\u00eda \u201cun impacto de gran alcance\u201d en la pol\u00edtica global. \u201cIndependientemente de si es bueno o malo, hay expertos que creen que si Trump logra controlar Groenlandia, pasar\u00e1 a la historia mundial\u201d, declar\u00f3.<\/p>\n\n\n\n<p>Por su parte, Putin record\u00f3 que Washington ya hab\u00eda intentado comprar Groenlandia en el siglo XIX y tras la Segunda Guerra Mundial , y calific\u00f3 las aspiraciones de Estados Unidos como parte de una estrategia para consolidar su poder econ\u00f3mico y militar en el \u00c1rtico . \u201cEs evidente que continuar\u00e1 avanzando en sus intereses geoestrat\u00e9gicos en la regi\u00f3n\u201d, afirm\u00f3 el mandatario.<\/p>\n\n\n\n<p>El ministro de Asuntos Exteriores , Sergu\u00e9i Lavrov , se mostr\u00f3 m\u00e1s directo al calificar el dominio de Dinamarca sobre la isla como un \u201cvestigio del pasado colonial\u201d y traz\u00f3 un paralelismo con la anexi\u00f3n de Crimea , argumentando que \u201cCrimea no es menos importante para la seguridad de Rusia que Groenlandia para Estados Unidos\u201d.<\/p>\n\n\n\n<p>En los medios rusos, como Rossiyskaya Gazeta y RIA Novosti , el tema fue abordado con una mezcla de an\u00e1lisis geopol\u00edtico y propagand\u00edstico. El primero compar\u00f3 la intenci\u00f3n de Trump con \u201ceventos planetarios\u201d como la abolici\u00f3n de la esclavitud o las conquistas napole\u00f3nicas, mientras el segundo asegur\u00f3 que el impulso estadounidense \u201cabre la puerta a la historia mundial ante nuestros ojos\u201d.<\/p>\n\n\n\n<p>Otros art\u00edculos en medios estatales destacaron que la disputa por Groenlandia marca una fractura dentro de la OTAN , al evidenciar la falta de cohesi\u00f3n entre Estados Unidos y sus aliados europeos. \u201cLa unidad transatl\u00e1ntica se ha roto\u201d, escribi\u00f3 el enviado presidencial Kirill Dmitriev en la red social X, afirmando que el episodio demuestra el declive del liderazgo europeo.<\/p>\n\n\n\n<p>El tabloide Moskovsky Komsomolets calific\u00f3 la propuesta de Trump como un \u201cpunto de inflexi\u00f3n\u201d que podr\u00eda transformar el \u00c1rtico \u201cde una zona de cooperaci\u00f3n a una de confrontaci\u00f3n\u201d, advirtiendo que la Flota del Norte rusa estar\u00eda en riesgo y que la regi\u00f3n podr\u00eda convertirse en un nuevo escenario de tensi\u00f3n nuclear.<\/p>\n\n\n\n<p>Mientras tanto, el Kremlin ha adoptado un discurso dual: por un lado, promueve p\u00fablicamente la cooperaci\u00f3n con Estados Unidos en el \u00c1rtico; por otro, refuerza su presencia militar y advierte sobre las maniobras de la OTAN en la zona.<\/p>\n\n\n\n<p>Analistas rusos se\u00f1alan que la crisis de Groenlandia no solo beneficia a Mosc\u00fa en el frente medi\u00e1tico, sino que reduce la presi\u00f3n internacional sobre sus acciones en Ucrania. Algunos comentaristas incluso afirmaron que el tema \u201cha desplazado a Zelenski del centro de la escena internacional\u201d.<\/p>\n\n\n\n<p>Aun as\u00ed, Putin mantiene prudencia y evita declaraciones provocadoras. Su gobierno parece dispuesto a aprovechar la tensi\u00f3n entre Washington y Bruselas para fortalecer su posici\u00f3n estrat\u00e9gica en el \u00c1rtico y consolidar su influencia en la regi\u00f3n polar, un territorio clave tanto para la defensa rusa como para el acceso a recursos energ\u00e9ticos.<\/p>\n","protected":false},"excerpt":{"rendered":"<p>El Kremlin sigue con atenci\u00f3n, y cierta satisfacci\u00f3n, el creciente conflicto diplom\u00e1tico entre Estados Unidos y Europa por el control de Groenlandia , un episodio que ha desviado parte de la atenci\u00f3n internacional de la guerra en Ucrania y ofreci\u00f3 a Vlad\u00edmir Putin un respiro pol\u00edtico ante las cr\u00edticas occidentales. A medida que aumentaban las [&hellip;]<\/p>\n","protected":false},"author":1,"featured_media":75285,"comment_status":"open","ping_status":"open","sticky":false,"template":"","format":"standard","meta":{"om_disable_all_campaigns":false,"_monsterinsights_skip_tracking":false,"_monsterinsights_sitenote_active":false,"_monsterinsights_sitenote_note":"","_monsterinsights_sitenote_category":0,"footnotes":""},"categories":[183],"tags":[],"class_list":["post-75284","post","type-post","status-publish","format-standard","has-post-thumbnail","hentry","category-internacional"],"amp_enabled":true,"_links":{"self":[{"href":"https:\/\/lahora.mx\/index.php\/wp-json\/wp\/v2\/posts\/75284","targetHints":{"allow":["GET"]}}],"collection":[{"href":"https:\/\/lahora.mx\/index.php\/wp-json\/wp\/v2\/posts"}],"about":[{"href":"https:\/\/lahora.mx\/index.php\/wp-json\/wp\/v2\/types\/post"}],"author":[{"embeddable":true,"href":"https:\/\/lahora.mx\/index.php\/wp-json\/wp\/v2\/users\/1"}],"replies":[{"embeddable":true,"href":"https:\/\/lahora.mx\/index.php\/wp-json\/wp\/v2\/comments?post=75284"}],"version-history":[{"count":1,"href":"https:\/\/lahora.mx\/index.php\/wp-json\/wp\/v2\/posts\/75284\/revisions"}],"predecessor-version":[{"id":75286,"href":"https:\/\/lahora.mx\/index.php\/wp-json\/wp\/v2\/posts\/75284\/revisions\/75286"}],"wp:featuredmedia":[{"embeddable":true,"href":"https:\/\/lahora.mx\/index.php\/wp-json\/wp\/v2\/media\/75285"}],"wp:attachment":[{"href":"https:\/\/lahora.mx\/index.php\/wp-json\/wp\/v2\/media?parent=75284"}],"wp:term":[{"taxonomy":"category","embeddable":true,"href":"https:\/\/lahora.mx\/index.php\/wp-json\/wp\/v2\/categories?post=75284"},{"taxonomy":"post_tag","embeddable":true,"href":"https:\/\/lahora.mx\/index.php\/wp-json\/wp\/v2\/tags?post=75284"}],"curies":[{"name":"wp","href":"https:\/\/api.w.org\/{rel}","templated":true}]}}