{"id":75265,"date":"2026-01-21T21:39:21","date_gmt":"2026-01-21T21:39:21","guid":{"rendered":"https:\/\/lahora.mx\/?p=75265"},"modified":"2026-01-21T21:39:22","modified_gmt":"2026-01-21T21:39:22","slug":"idamis-reconoce-que-victimas-tardan-12-horas-en-presentar-denuncias-son-los-tiempos-legales-obligatorios","status":"publish","type":"post","link":"https:\/\/lahora.mx\/index.php\/2026\/01\/21\/idamis-reconoce-que-victimas-tardan-12-horas-en-presentar-denuncias-son-los-tiempos-legales-obligatorios\/","title":{"rendered":"Idamis reconoce que v\u00edctimas tardan 12 horas en presentar denuncias: son los tiempos legales obligatorios"},"content":{"rendered":"\n<p>Luego de que DIARIO CAMBIO expuso la revictimizaci\u00f3n por la que atraves\u00f3 la mujer que fue raptada por un delincuente en el Boulevard Valsequillo, al pasar 12 horas levantando su denuncia, la FGE inform\u00f3 que esos son los tiempos aproximados establecidos al momento de presentar una queja, todo esto con base en el agente del Ministerio P\u00fablico.<\/p>\n\n\n\n<p>Dicha postura fue compartida por la Fiscal\u00eda General del Estado (FGE), en la que adem\u00e1s de comprobarse la puesta a disposici\u00f3n del responsable identificado como Mario N., el organismo investigador confirm\u00f3 que la v\u00edctima pas\u00f3 12 horas levantando su denuncia por estos hechos ocurridos el pasado domingo en la colonia Vista Alegre.<br>El argumento de la FGE ante la queja de la mujer es que se actu\u00f3 con base en los tiempos legales establecidos, pues dentro de las horas transcurridas se encuentra la puesta a disposici\u00f3n por parte de elementos de Seguridad P\u00fablica, los dict\u00e1menes del m\u00e9dico legista, as\u00ed como la integraci\u00f3n de la propia carpeta de investigaci\u00f3n.<\/p>\n\n\n\n<p>Aunado a que, se precis\u00f3 que Mario N. fue acusado por los delitos de robo y tentativa de homicidio y ya no solamente por robo y lesiones, como en un inicio le dijeron a la v\u00edctima que se iniciar\u00eda la investigaci\u00f3n, dado que el responsable no estaba armado y no fue un hecho grave.<\/p>\n","protected":false},"excerpt":{"rendered":"<p>Luego de que DIARIO CAMBIO expuso la revictimizaci\u00f3n por la que atraves\u00f3 la mujer que fue raptada por un delincuente en el Boulevard Valsequillo, al pasar 12 horas levantando su denuncia, la FGE inform\u00f3 que esos son los tiempos aproximados establecidos al momento de presentar una queja, todo esto con base en el agente del [&hellip;]<\/p>\n","protected":false},"author":1,"featured_media":75266,"comment_status":"open","ping_status":"open","sticky":false,"template":"","format":"standard","meta":{"om_disable_all_campaigns":false,"_monsterinsights_skip_tracking":false,"_monsterinsights_sitenote_active":false,"_monsterinsights_sitenote_note":"","_monsterinsights_sitenote_category":0,"footnotes":""},"categories":[175],"tags":[195,223],"class_list":["post-75265","post","type-post","status-publish","format-standard","has-post-thumbnail","hentry","category-local","tag-principal","tag-puebla"],"amp_enabled":true,"_links":{"self":[{"href":"https:\/\/lahora.mx\/index.php\/wp-json\/wp\/v2\/posts\/75265","targetHints":{"allow":["GET"]}}],"collection":[{"href":"https:\/\/lahora.mx\/index.php\/wp-json\/wp\/v2\/posts"}],"about":[{"href":"https:\/\/lahora.mx\/index.php\/wp-json\/wp\/v2\/types\/post"}],"author":[{"embeddable":true,"href":"https:\/\/lahora.mx\/index.php\/wp-json\/wp\/v2\/users\/1"}],"replies":[{"embeddable":true,"href":"https:\/\/lahora.mx\/index.php\/wp-json\/wp\/v2\/comments?post=75265"}],"version-history":[{"count":1,"href":"https:\/\/lahora.mx\/index.php\/wp-json\/wp\/v2\/posts\/75265\/revisions"}],"predecessor-version":[{"id":75267,"href":"https:\/\/lahora.mx\/index.php\/wp-json\/wp\/v2\/posts\/75265\/revisions\/75267"}],"wp:featuredmedia":[{"embeddable":true,"href":"https:\/\/lahora.mx\/index.php\/wp-json\/wp\/v2\/media\/75266"}],"wp:attachment":[{"href":"https:\/\/lahora.mx\/index.php\/wp-json\/wp\/v2\/media?parent=75265"}],"wp:term":[{"taxonomy":"category","embeddable":true,"href":"https:\/\/lahora.mx\/index.php\/wp-json\/wp\/v2\/categories?post=75265"},{"taxonomy":"post_tag","embeddable":true,"href":"https:\/\/lahora.mx\/index.php\/wp-json\/wp\/v2\/tags?post=75265"}],"curies":[{"name":"wp","href":"https:\/\/api.w.org\/{rel}","templated":true}]}}