{"id":75259,"date":"2026-01-21T16:05:14","date_gmt":"2026-01-21T16:05:14","guid":{"rendered":"https:\/\/lahora.mx\/?p=75259"},"modified":"2026-01-21T16:05:15","modified_gmt":"2026-01-21T16:05:15","slug":"levantan-a-influencer-la-nicholette-en-culiacan-activan-protocolo-alba-para-su-busqueda","status":"publish","type":"post","link":"https:\/\/lahora.mx\/index.php\/2026\/01\/21\/levantan-a-influencer-la-nicholette-en-culiacan-activan-protocolo-alba-para-su-busqueda\/","title":{"rendered":"Levantan a influencer La Nicholette en Culiac\u00e1n; activan Protocolo Alba para su b\u00fasqueda"},"content":{"rendered":"\n<p>La Fiscal\u00eda General del Estado de Sinaloa activ\u00f3 el Protocolo Alba y emiti\u00f3 una ficha de b\u00fasqueda para localizar a Nicole Pardo Molina, influencer de 20 a\u00f1os conocida en redes sociales como \u201cLa Nicholette\u201d, quien fue privada de la libertad por sujetos armados la tarde del martes 20 de enero en Culiac\u00e1n.<\/p>\n\n\n\n<p>La autoridad se\u00f1al\u00f3 que la joven podr\u00eda estar en peligro al tratarse de un posible delito, por lo que pidi\u00f3 el apoyo de la ciudadan\u00eda para aportar informaci\u00f3n que permita dar con su paradero. La denuncia por su desaparici\u00f3n fue presentada el mismo d\u00eda de los hechos.<\/p>\n\n\n\n<p>De acuerdo con el reporte oficial, Nicole Pardo fue vista por \u00faltima vez en un domicilio del fraccionamiento Isla Musal\u00e1, al oriente de la capital sinaloense, sin que hasta ahora se tengan datos adicionales sobre su ubicaci\u00f3n.<\/p>\n\n\n\n<p>La creadora de contenido es mexicana, mide 1.62 metros, tiene tez clara, complexi\u00f3n regular, cabello largo y lacio color casta\u00f1o claro, as\u00ed como ojos caf\u00e9 claro. Al momento de su desaparici\u00f3n vest\u00eda blusa morada, pantal\u00f3n negro, huaraches negros y un mo\u00f1o negro.<\/p>\n","protected":false},"excerpt":{"rendered":"<p>La Fiscal\u00eda General del Estado de Sinaloa activ\u00f3 el Protocolo Alba y emiti\u00f3 una ficha de b\u00fasqueda para localizar a Nicole Pardo Molina, influencer de 20 a\u00f1os conocida en redes sociales como \u201cLa Nicholette\u201d, quien fue privada de la libertad por sujetos armados la tarde del martes 20 de enero en Culiac\u00e1n. La autoridad se\u00f1al\u00f3 [&hellip;]<\/p>\n","protected":false},"author":1,"featured_media":75260,"comment_status":"open","ping_status":"open","sticky":false,"template":"","format":"standard","meta":{"om_disable_all_campaigns":false,"_monsterinsights_skip_tracking":false,"_monsterinsights_sitenote_active":false,"_monsterinsights_sitenote_note":"","_monsterinsights_sitenote_category":0,"footnotes":""},"categories":[226],"tags":[195],"class_list":["post-75259","post","type-post","status-publish","format-standard","has-post-thumbnail","hentry","category-policia","tag-principal"],"amp_enabled":true,"_links":{"self":[{"href":"https:\/\/lahora.mx\/index.php\/wp-json\/wp\/v2\/posts\/75259","targetHints":{"allow":["GET"]}}],"collection":[{"href":"https:\/\/lahora.mx\/index.php\/wp-json\/wp\/v2\/posts"}],"about":[{"href":"https:\/\/lahora.mx\/index.php\/wp-json\/wp\/v2\/types\/post"}],"author":[{"embeddable":true,"href":"https:\/\/lahora.mx\/index.php\/wp-json\/wp\/v2\/users\/1"}],"replies":[{"embeddable":true,"href":"https:\/\/lahora.mx\/index.php\/wp-json\/wp\/v2\/comments?post=75259"}],"version-history":[{"count":1,"href":"https:\/\/lahora.mx\/index.php\/wp-json\/wp\/v2\/posts\/75259\/revisions"}],"predecessor-version":[{"id":75261,"href":"https:\/\/lahora.mx\/index.php\/wp-json\/wp\/v2\/posts\/75259\/revisions\/75261"}],"wp:featuredmedia":[{"embeddable":true,"href":"https:\/\/lahora.mx\/index.php\/wp-json\/wp\/v2\/media\/75260"}],"wp:attachment":[{"href":"https:\/\/lahora.mx\/index.php\/wp-json\/wp\/v2\/media?parent=75259"}],"wp:term":[{"taxonomy":"category","embeddable":true,"href":"https:\/\/lahora.mx\/index.php\/wp-json\/wp\/v2\/categories?post=75259"},{"taxonomy":"post_tag","embeddable":true,"href":"https:\/\/lahora.mx\/index.php\/wp-json\/wp\/v2\/tags?post=75259"}],"curies":[{"name":"wp","href":"https:\/\/api.w.org\/{rel}","templated":true}]}}