{"id":75253,"date":"2026-01-21T15:58:27","date_gmt":"2026-01-21T15:58:27","guid":{"rendered":"https:\/\/lahora.mx\/?p=75253"},"modified":"2026-01-21T15:58:28","modified_gmt":"2026-01-21T15:58:28","slug":"fgr-asegura-mas-de-29-mil-litros-de-hidrocarburo-un-vehiculo-y-un-inmueble-en-coatzacoalcos","status":"publish","type":"post","link":"https:\/\/lahora.mx\/index.php\/2026\/01\/21\/fgr-asegura-mas-de-29-mil-litros-de-hidrocarburo-un-vehiculo-y-un-inmueble-en-coatzacoalcos\/","title":{"rendered":"FGR asegura m\u00e1s de 29 mil litros de hidrocarburo, un veh\u00edculo y un inmueble en Coatzacoalcos"},"content":{"rendered":"\n<p>La Fiscal\u00eda General de la Rep\u00fablica (FGR) a trav\u00e9s de su Fiscal\u00eda Especializada de Control Regional (FECOR) en el estado de Veracruz, solicit\u00f3 y obtuvo del juez de Control, adscrito al Centro de Justicia Penal Federal en el estado de Veracruz, autorizaci\u00f3n para ejecutar una orden de cateo en el municipio de Coatzacoalcos, Veracruz.<\/p>\n\n\n\n<p>El operativo se ejecut\u00f3 como parte de las diligencias realizadas dentro de una carpeta de investigaci\u00f3n, iniciada por presuntos delitos considerados en la Ley Federal para Prevenir y Sancionar los Delitos Cometidos en Materia de Hidrocarburos, en un inmueble ubicado en la colonia Cxala, del municipio mencionado.<\/p>\n\n\n\n<p>En el lugar, elementos de la Polic\u00eda Federal Ministerial (PFM) aseguraron aproximadamente 29 mil 500 litros de hidrocarburo contenido en 38 contenedores de pl\u00e1stico con rejilla met\u00e1lica, cinco contendores de pl\u00e1stico y un veh\u00edculo.<\/p>\n\n\n\n<p>La polic\u00eda Federal Ministerial, en coordinaci\u00f3n con peritos del Centro Federal Pericial Forense (CFPF), ambos de la Agencia de Investigaci\u00f3n Criminal (AIC), con el apoyo de personal de la Secretar\u00eda de la Defensa Nacional (Defensa) y Polic\u00eda Estatal (PE) brindaron seguridad perimetral en el lugar, as\u00ed como, elementos de Seguridad F\u00edsica de Pemex.<\/p>\n\n\n\n<p>El inmueble qued\u00f3 a disposici\u00f3n del MPF, quien contin\u00faa con las diligencias de ley para resolver estos hechos.<\/p>\n","protected":false},"excerpt":{"rendered":"<p>La Fiscal\u00eda General de la Rep\u00fablica (FGR) a trav\u00e9s de su Fiscal\u00eda Especializada de Control Regional (FECOR) en el estado de Veracruz, solicit\u00f3 y obtuvo del juez de Control, adscrito al Centro de Justicia Penal Federal en el estado de Veracruz, autorizaci\u00f3n para ejecutar una orden de cateo en el municipio de Coatzacoalcos, Veracruz. El [&hellip;]<\/p>\n","protected":false},"author":1,"featured_media":75254,"comment_status":"open","ping_status":"open","sticky":false,"template":"","format":"standard","meta":{"om_disable_all_campaigns":false,"_monsterinsights_skip_tracking":false,"_monsterinsights_sitenote_active":false,"_monsterinsights_sitenote_note":"","_monsterinsights_sitenote_category":0,"footnotes":""},"categories":[176,226],"tags":[],"class_list":["post-75253","post","type-post","status-publish","format-standard","has-post-thumbnail","hentry","category-nacional","category-policia"],"amp_enabled":true,"_links":{"self":[{"href":"https:\/\/lahora.mx\/index.php\/wp-json\/wp\/v2\/posts\/75253","targetHints":{"allow":["GET"]}}],"collection":[{"href":"https:\/\/lahora.mx\/index.php\/wp-json\/wp\/v2\/posts"}],"about":[{"href":"https:\/\/lahora.mx\/index.php\/wp-json\/wp\/v2\/types\/post"}],"author":[{"embeddable":true,"href":"https:\/\/lahora.mx\/index.php\/wp-json\/wp\/v2\/users\/1"}],"replies":[{"embeddable":true,"href":"https:\/\/lahora.mx\/index.php\/wp-json\/wp\/v2\/comments?post=75253"}],"version-history":[{"count":1,"href":"https:\/\/lahora.mx\/index.php\/wp-json\/wp\/v2\/posts\/75253\/revisions"}],"predecessor-version":[{"id":75255,"href":"https:\/\/lahora.mx\/index.php\/wp-json\/wp\/v2\/posts\/75253\/revisions\/75255"}],"wp:featuredmedia":[{"embeddable":true,"href":"https:\/\/lahora.mx\/index.php\/wp-json\/wp\/v2\/media\/75254"}],"wp:attachment":[{"href":"https:\/\/lahora.mx\/index.php\/wp-json\/wp\/v2\/media?parent=75253"}],"wp:term":[{"taxonomy":"category","embeddable":true,"href":"https:\/\/lahora.mx\/index.php\/wp-json\/wp\/v2\/categories?post=75253"},{"taxonomy":"post_tag","embeddable":true,"href":"https:\/\/lahora.mx\/index.php\/wp-json\/wp\/v2\/tags?post=75253"}],"curies":[{"name":"wp","href":"https:\/\/api.w.org\/{rel}","templated":true}]}}