{"id":7520,"date":"2022-05-30T19:17:49","date_gmt":"2022-05-30T19:17:49","guid":{"rendered":"http:\/\/lahora.mx\/?p=7520"},"modified":"2022-05-30T19:17:50","modified_gmt":"2022-05-30T19:17:50","slug":"sandra-elizabeth-es-despedida-con-aplausos-y-misa-en-chachapa","status":"publish","type":"post","link":"https:\/\/lahora.mx\/index.php\/2022\/05\/30\/sandra-elizabeth-es-despedida-con-aplausos-y-misa-en-chachapa\/","title":{"rendered":"Sandra Elizabeth es despedida con aplausos y misa en Chachapa"},"content":{"rendered":"\n<p>Con una&nbsp;<strong>misa de cuerpo presente<\/strong>, la ma\u00f1ana de este lunes, familiares, amigos y habitantes de<strong>&nbsp;San Salvador Chachapa<\/strong>, junta auxiliar del municipio de<strong>&nbsp;Amozoc<\/strong>, le dieron el \u00faltimo adi\u00f3s a&nbsp;<strong>Sandra Elizabeth P\u00e9rez Portillo, cuyo cuerpo fue hallado el fin de semana luego de haber estado desaparecida durante casi 1 mes.<\/strong><\/p>\n\n\n\n<p>Cientos de personas llegaron a la<strong>&nbsp;parroquia de la junta auxiliar<\/strong>&nbsp;y entre&nbsp;<strong>aplausos, globos morados y banda<\/strong>, el f\u00e9retro sali\u00f3 rumbo a su \u00faltima morada.<\/p>\n\n\n\n<p>\u201cQuerida Sandy: este mes pintaste a un pueblo en color morado y no solo eso,<strong>&nbsp;lograste unir a pueblos, religiones y creencias que se hicieron a un lado.<\/strong>&nbsp;La gente que te conoc\u00eda y la que no se tom\u00f3 de las manos para tu b\u00fasqueda; todos pidieron por ti y tu familia.&nbsp;<strong>El pueblo entero se uni\u00f3 para que tu nombre sonara hasta en otros estados.<\/strong>&nbsp;Hoy, todos lloramos y lamentamos tu partida, sabemos que estar\u00e1s en un mundo mejor, que descansas en paz y conseguiste su libertad, pero a\u00fan as\u00ed&nbsp;<strong>seguiremos luchando por lo que te hicieron<\/strong>. Tu nombre ser\u00e1 un antes y un despu\u00e9s en este pueblo que uniste m\u00e1s que nunca. Ahora todos nos cuidamos y protegemos por tu nombre. Descansa en paz y hasta siempre, nuestra querida Sandra\u201d, fue el mensaje de esta ma\u00f1ana.<\/p>\n\n\n\n<p>Sandra fue privada de la libertad<strong>&nbsp;la noche del 27 de abril&nbsp;<\/strong>en calles de la colonia&nbsp;<strong>Signoret<\/strong>. La joven&nbsp;<strong>se dirig\u00eda a casa cuando un hombre comenz\u00f3 a seguirla.<\/strong>&nbsp;Luego, la intercept\u00f3 y subi\u00f3 por la fuerza a un veh\u00edculo que era manejado por su c\u00f3mplice.<\/p>\n\n\n\n<p>A pesar de la detenci\u00f3n de los supuestos secuestradores que pidieron rescate para liberarla,&nbsp;<strong>durante un mes no se supo nada de Sandra&nbsp;<\/strong>hasta que la noche del pasado viernes su cuerpo fue localizado en una&nbsp;<strong>cisterna de San Mateo Mendiz\u00e1bal<\/strong>, Amozoc.<\/p>\n\n\n\n<p><strong>Gobernador lamenta el asesinato y env\u00eda condolencias<\/strong><\/p>\n\n\n\n<p><strong>Luis Miguel Barbosa Huerta<\/strong>, el gobernador de Puebla,<strong>&nbsp;lament\u00f3 el asesinato de Sandra Elizabeth P\u00e9rez Portillo&nbsp;<\/strong>y envi\u00f3 condolencias a sus padres y dem\u00e1s familiares.<\/p>\n\n\n\n<p>En la conferencia de prensa de este lunes dijo que hay<strong>&nbsp;\u201cmuchas pruebas, muchos indicios\u201d<\/strong>&nbsp;para el esclarecimiento total de su caso que la Fiscal\u00eda General del Estado (FGE) investiga como secuestro.<\/p>\n\n\n\n<p>El<strong>&nbsp;4 de mayo<\/strong>&nbsp;la FGE present\u00f3 a&nbsp;<strong>siete personas<\/strong>, dos mujeres y cinco hombres, que presuntamente participaron en&nbsp;<strong>el rapto de la joven de 32 a\u00f1os de edad<\/strong>, pero este d\u00eda Barbosa Huerta dijo que hay&nbsp;<strong>ocho detenidos.<\/strong><\/p>\n\n\n\n<p>En d\u00edas anteriores el propio ejecutivo estatal revel\u00f3 que el<strong>&nbsp;l\u00edder de la banda que priv\u00f3 de la libertad a Sandra&nbsp;<\/strong>es un hombre de<strong>&nbsp;origen colombiano&nbsp;<\/strong>que sigue pr\u00f3fugo; sin embargo, se desconoce si&nbsp;<strong>ya fue detenido o se trat\u00f3 de una confusi\u00f3n.<\/strong><\/p>\n\n\n\n<p>\u201cExpreso mis condolencias a los padres, familiares de Sandra Elizabeth, hallada muerta en Amozoc. Hay muchas pruebas, muchos indicios,<strong>&nbsp;ya hay ocho detenidos y todos responsables de estos hechos.<\/strong>&nbsp;Mis condolencias a la familia y los amigos de esta ni\u00f1a.<\/p>\n","protected":false},"excerpt":{"rendered":"<p>Con una&nbsp;misa de cuerpo presente, la ma\u00f1ana de este lunes, familiares, amigos y habitantes de&nbsp;San Salvador Chachapa, junta auxiliar del municipio de&nbsp;Amozoc, le dieron el \u00faltimo adi\u00f3s a&nbsp;Sandra Elizabeth P\u00e9rez Portillo, cuyo cuerpo fue hallado el fin de semana luego de haber estado desaparecida durante casi 1 mes. Cientos de personas llegaron a la&nbsp;parroquia de [&hellip;]<\/p>\n","protected":false},"author":4,"featured_media":7521,"comment_status":"open","ping_status":"open","sticky":false,"template":"","format":"standard","meta":{"om_disable_all_campaigns":false,"_monsterinsights_skip_tracking":false,"_monsterinsights_sitenote_active":false,"_monsterinsights_sitenote_note":"","_monsterinsights_sitenote_category":0,"footnotes":""},"categories":[175],"tags":[195,223],"class_list":["post-7520","post","type-post","status-publish","format-standard","has-post-thumbnail","hentry","category-local","tag-principal","tag-puebla"],"amp_enabled":true,"_links":{"self":[{"href":"https:\/\/lahora.mx\/index.php\/wp-json\/wp\/v2\/posts\/7520","targetHints":{"allow":["GET"]}}],"collection":[{"href":"https:\/\/lahora.mx\/index.php\/wp-json\/wp\/v2\/posts"}],"about":[{"href":"https:\/\/lahora.mx\/index.php\/wp-json\/wp\/v2\/types\/post"}],"author":[{"embeddable":true,"href":"https:\/\/lahora.mx\/index.php\/wp-json\/wp\/v2\/users\/4"}],"replies":[{"embeddable":true,"href":"https:\/\/lahora.mx\/index.php\/wp-json\/wp\/v2\/comments?post=7520"}],"version-history":[{"count":1,"href":"https:\/\/lahora.mx\/index.php\/wp-json\/wp\/v2\/posts\/7520\/revisions"}],"predecessor-version":[{"id":7522,"href":"https:\/\/lahora.mx\/index.php\/wp-json\/wp\/v2\/posts\/7520\/revisions\/7522"}],"wp:featuredmedia":[{"embeddable":true,"href":"https:\/\/lahora.mx\/index.php\/wp-json\/wp\/v2\/media\/7521"}],"wp:attachment":[{"href":"https:\/\/lahora.mx\/index.php\/wp-json\/wp\/v2\/media?parent=7520"}],"wp:term":[{"taxonomy":"category","embeddable":true,"href":"https:\/\/lahora.mx\/index.php\/wp-json\/wp\/v2\/categories?post=7520"},{"taxonomy":"post_tag","embeddable":true,"href":"https:\/\/lahora.mx\/index.php\/wp-json\/wp\/v2\/tags?post=7520"}],"curies":[{"name":"wp","href":"https:\/\/api.w.org\/{rel}","templated":true}]}}