{"id":75175,"date":"2026-01-20T15:23:23","date_gmt":"2026-01-20T15:23:23","guid":{"rendered":"https:\/\/lahora.mx\/?p=75175"},"modified":"2026-01-20T15:23:23","modified_gmt":"2026-01-20T15:23:23","slug":"trump-insiste-en-que-eu-tiene-que-tener-groenlandia-y-reaviva-tension-con-dinamarca","status":"publish","type":"post","link":"https:\/\/lahora.mx\/index.php\/2026\/01\/20\/trump-insiste-en-que-eu-tiene-que-tener-groenlandia-y-reaviva-tension-con-dinamarca\/","title":{"rendered":"Trump insiste en que EU tiene que tener Groenlandia y reaviva tensi\u00f3n con Dinamarca"},"content":{"rendered":"\n<p>El presidente de Estados Unidos, Donald Trump, reiter\u00f3 su oposici\u00f3n a que Dinamarca mantenga el control de Groenlandia y sostuvo que su pa\u00eds \u201ctiene que tenerla\u201d, al argumentar que la presencia hist\u00f3rica danesa en la isla no le otorga derechos de propiedad. Las declaraciones reavivaron un debate geopol\u00edtico que Washington ya hab\u00eda planteado en a\u00f1os anteriores y que gener\u00f3 tensiones diplom\u00e1ticas con Copenhague.<\/p>\n\n\n\n<p>Groenlandia, el territorio insular m\u00e1s grande del mundo, forma parte del Reino de Dinamarca desde el siglo XVIII, aunque cuenta con un amplio r\u00e9gimen de autonom\u00eda y gobierno propio desde 1979, ampliado en 2009. La isla tiene una poblaci\u00f3n mayoritariamente inuit y controla sus asuntos internos, mientras que Dinamarca conserva competencias en pol\u00edtica exterior y defensa, de acuerdo con informaci\u00f3n del gobierno dan\u00e9s y de la BBC.<br>El inter\u00e9s de Estados Unidos en Groenlandia se explica principalmente por su ubicaci\u00f3n estrat\u00e9gica en el \u00c1rtico y por su creciente relevancia militar y econ\u00f3mica. La isla alberga la base a\u00e9rea de Thule, clave para los sistemas de alerta temprana y defensa estadounidense, y se encuentra en una regi\u00f3n cada vez m\u00e1s disputada por potencias como Rusia y China, seg\u00fan an\u00e1lisis del Departamento de Defensa de Estados Unidos y reportes de Reuters.<\/p>\n\n\n\n<p>Adem\u00e1s del factor militar, Groenlandia posee importantes recursos naturales, entre ellos minerales cr\u00edticos y reservas potenciales de hidrocarburos, cuyo acceso se ha vuelto m\u00e1s relevante ante el deshielo provocado por el cambio clim\u00e1tico.&nbsp;<\/p>\n","protected":false},"excerpt":{"rendered":"<p>El presidente de Estados Unidos, Donald Trump, reiter\u00f3 su oposici\u00f3n a que Dinamarca mantenga el control de Groenlandia y sostuvo que su pa\u00eds \u201ctiene que tenerla\u201d, al argumentar que la presencia hist\u00f3rica danesa en la isla no le otorga derechos de propiedad. Las declaraciones reavivaron un debate geopol\u00edtico que Washington ya hab\u00eda planteado en a\u00f1os [&hellip;]<\/p>\n","protected":false},"author":1,"featured_media":75176,"comment_status":"open","ping_status":"open","sticky":false,"template":"","format":"standard","meta":{"om_disable_all_campaigns":false,"_monsterinsights_skip_tracking":false,"_monsterinsights_sitenote_active":false,"_monsterinsights_sitenote_note":"","_monsterinsights_sitenote_category":0,"footnotes":""},"categories":[183],"tags":[],"class_list":["post-75175","post","type-post","status-publish","format-standard","has-post-thumbnail","hentry","category-internacional"],"amp_enabled":true,"_links":{"self":[{"href":"https:\/\/lahora.mx\/index.php\/wp-json\/wp\/v2\/posts\/75175","targetHints":{"allow":["GET"]}}],"collection":[{"href":"https:\/\/lahora.mx\/index.php\/wp-json\/wp\/v2\/posts"}],"about":[{"href":"https:\/\/lahora.mx\/index.php\/wp-json\/wp\/v2\/types\/post"}],"author":[{"embeddable":true,"href":"https:\/\/lahora.mx\/index.php\/wp-json\/wp\/v2\/users\/1"}],"replies":[{"embeddable":true,"href":"https:\/\/lahora.mx\/index.php\/wp-json\/wp\/v2\/comments?post=75175"}],"version-history":[{"count":1,"href":"https:\/\/lahora.mx\/index.php\/wp-json\/wp\/v2\/posts\/75175\/revisions"}],"predecessor-version":[{"id":75177,"href":"https:\/\/lahora.mx\/index.php\/wp-json\/wp\/v2\/posts\/75175\/revisions\/75177"}],"wp:featuredmedia":[{"embeddable":true,"href":"https:\/\/lahora.mx\/index.php\/wp-json\/wp\/v2\/media\/75176"}],"wp:attachment":[{"href":"https:\/\/lahora.mx\/index.php\/wp-json\/wp\/v2\/media?parent=75175"}],"wp:term":[{"taxonomy":"category","embeddable":true,"href":"https:\/\/lahora.mx\/index.php\/wp-json\/wp\/v2\/categories?post=75175"},{"taxonomy":"post_tag","embeddable":true,"href":"https:\/\/lahora.mx\/index.php\/wp-json\/wp\/v2\/tags?post=75175"}],"curies":[{"name":"wp","href":"https:\/\/api.w.org\/{rel}","templated":true}]}}