{"id":75135,"date":"2026-01-19T19:41:41","date_gmt":"2026-01-19T19:41:41","guid":{"rendered":"https:\/\/lahora.mx\/?p=75135"},"modified":"2026-01-19T19:42:07","modified_gmt":"2026-01-19T19:42:07","slug":"la-presidente-confirma-visita-a-puebla","status":"publish","type":"post","link":"https:\/\/lahora.mx\/index.php\/2026\/01\/19\/la-presidente-confirma-visita-a-puebla\/","title":{"rendered":"La Presidenta confirma visita a Puebla"},"content":{"rendered":"\n<p>La\u00a0<strong>presidenta Claudia Sheinbaum Pardo<\/strong>\u00a0confirm\u00f3 que el\u00a0<strong>pr\u00f3ximo jueves<\/strong>\u00a0encabezar\u00e1 en\u00a0<strong>Puebla<\/strong>\u00a0la\u00a0<strong><a href=\"https:\/\/www.diariocambio.com.mx\/2026\/puebla\/sheinbaum-encabezara-mesa-de-seguridad-el-23-de-enero-en-puebla-video\/\">mesa de seguridad<\/a><\/strong>\u00a0como parte de las\u00a0<strong>reuniones de coordinaci\u00f3n<\/strong>\u00a0que realiza de manera\u00a0<strong>peri\u00f3dica<\/strong>\u00a0con\u00a0<strong>autoridades estatales y federales<\/strong>.<\/p>\n\n\n\n<p>Fue durante su tradicional conferencia matutina donde Sheinbaum Pardo explic\u00f3 y dio m\u00e1s detalles sobre la gira que realizar\u00e1 en distintos estados.<\/p>\n\n\n\n<p>Durante las&nbsp;<strong>mesas de seguridad<\/strong>, se analizar\u00e1n los&nbsp;<strong>indicadores delictivos en la entidad<\/strong>, los&nbsp;<strong>avances de los operativos conjuntos<\/strong>&nbsp;y las&nbsp;<strong>estrategias<\/strong>&nbsp;<strong>implementadas<\/strong>&nbsp;para&nbsp;<strong>reforzar<\/strong>&nbsp;la&nbsp;<strong>seguridad<\/strong>&nbsp;en las&nbsp;<strong>distintas regiones del estado<\/strong>.<\/p>\n\n\n\n<p>Se prev\u00e9 que, en la sesi\u00f3n, participe el&nbsp;<strong>gobierno estatal, autoridades municipales<\/strong>, as\u00ed como&nbsp;<strong>representantes<\/strong>&nbsp;de la&nbsp;<strong>Secretar\u00eda de la Defensa Nacional (Sedena)<\/strong>, la&nbsp;<strong>Secretar\u00eda de Marina (Semar)<\/strong>, la&nbsp;<strong>Guardia Nacional<\/strong>&nbsp;y&nbsp;<strong>otras dependencias encargadas de la seguridad p\u00fablica<\/strong>.<\/p>\n\n\n\n<p>La visita forma parte de la&nbsp;<strong>estrategia nacional<\/strong>&nbsp;para&nbsp;<strong>fortalecer<\/strong>&nbsp;la&nbsp;<strong>coordinaci\u00f3n interinstitucional<\/strong>&nbsp;y&nbsp;<strong>dar seguimiento directo<\/strong>&nbsp;a las acciones en materia de&nbsp;<strong>prevenci\u00f3n del delito<\/strong>&nbsp;y&nbsp;<strong>combate a la violencia&nbsp;<\/strong>en las&nbsp;<strong>entidades federativas<\/strong>.<\/p>\n\n\n\n<p><\/p>\n","protected":false},"excerpt":{"rendered":"<p>La\u00a0presidenta Claudia Sheinbaum Pardo\u00a0confirm\u00f3 que el\u00a0pr\u00f3ximo jueves\u00a0encabezar\u00e1 en\u00a0Puebla\u00a0la\u00a0mesa de seguridad\u00a0como parte de las\u00a0reuniones de coordinaci\u00f3n\u00a0que realiza de manera\u00a0peri\u00f3dica\u00a0con\u00a0autoridades estatales y federales. Fue durante su tradicional conferencia matutina donde Sheinbaum Pardo explic\u00f3 y dio m\u00e1s detalles sobre la gira que realizar\u00e1 en distintos estados. Durante las&nbsp;mesas de seguridad, se analizar\u00e1n los&nbsp;indicadores delictivos en la entidad, los&nbsp;avances [&hellip;]<\/p>\n","protected":false},"author":1,"featured_media":75136,"comment_status":"open","ping_status":"open","sticky":false,"template":"","format":"standard","meta":{"om_disable_all_campaigns":false,"_monsterinsights_skip_tracking":false,"_monsterinsights_sitenote_active":false,"_monsterinsights_sitenote_note":"","_monsterinsights_sitenote_category":0,"footnotes":""},"categories":[175,176],"tags":[195,223],"class_list":["post-75135","post","type-post","status-publish","format-standard","has-post-thumbnail","hentry","category-local","category-nacional","tag-principal","tag-puebla"],"amp_enabled":true,"_links":{"self":[{"href":"https:\/\/lahora.mx\/index.php\/wp-json\/wp\/v2\/posts\/75135","targetHints":{"allow":["GET"]}}],"collection":[{"href":"https:\/\/lahora.mx\/index.php\/wp-json\/wp\/v2\/posts"}],"about":[{"href":"https:\/\/lahora.mx\/index.php\/wp-json\/wp\/v2\/types\/post"}],"author":[{"embeddable":true,"href":"https:\/\/lahora.mx\/index.php\/wp-json\/wp\/v2\/users\/1"}],"replies":[{"embeddable":true,"href":"https:\/\/lahora.mx\/index.php\/wp-json\/wp\/v2\/comments?post=75135"}],"version-history":[{"count":2,"href":"https:\/\/lahora.mx\/index.php\/wp-json\/wp\/v2\/posts\/75135\/revisions"}],"predecessor-version":[{"id":75138,"href":"https:\/\/lahora.mx\/index.php\/wp-json\/wp\/v2\/posts\/75135\/revisions\/75138"}],"wp:featuredmedia":[{"embeddable":true,"href":"https:\/\/lahora.mx\/index.php\/wp-json\/wp\/v2\/media\/75136"}],"wp:attachment":[{"href":"https:\/\/lahora.mx\/index.php\/wp-json\/wp\/v2\/media?parent=75135"}],"wp:term":[{"taxonomy":"category","embeddable":true,"href":"https:\/\/lahora.mx\/index.php\/wp-json\/wp\/v2\/categories?post=75135"},{"taxonomy":"post_tag","embeddable":true,"href":"https:\/\/lahora.mx\/index.php\/wp-json\/wp\/v2\/tags?post=75135"}],"curies":[{"name":"wp","href":"https:\/\/api.w.org\/{rel}","templated":true}]}}