{"id":75126,"date":"2026-01-19T18:53:21","date_gmt":"2026-01-19T18:53:21","guid":{"rendered":"https:\/\/lahora.mx\/?p=75126"},"modified":"2026-01-19T18:53:22","modified_gmt":"2026-01-19T18:53:22","slug":"crisis-en-puerta-para-aeromexico-y-por-culpa-de-assa","status":"publish","type":"post","link":"https:\/\/lahora.mx\/index.php\/2026\/01\/19\/crisis-en-puerta-para-aeromexico-y-por-culpa-de-assa\/","title":{"rendered":"Crisis en puerta para Aerom\u00e9xico, y por culpa de ASSA"},"content":{"rendered":"\n<p>\u201cEntre las almas y entre las rosas, hay semejanzas maravillosas\u201d, dijo Jos\u00e9 Ignacio Armida; Ricardo Palmer\u00edn le puso m\u00fasica, y se volvi\u00f3 una joya musical. Pero no vine a hablar de trova yucateca, sino de aviaci\u00f3n; y es que desde hace mucho tiempo he podido comprobar que lo que sucede dentro de la Asociaci\u00f3n Sindical de Sobrecargos de Aviaci\u00f3n de M\u00e9xico (ASSA), tiene semejanzas maravillosas con la pol\u00edtica actual. Hoy, Ada Salazar, su secretaria general podr\u00eda ser un fiel reflejo de Donald J. Trump, porque ambos son tan soberbios como ignorantes, creen que se mandan solos, y que son impunes y plenipotenciarios.<\/p>\n\n\n\n<p>Pero aunque el ente naranja est\u00e1 a punto de dinamitar el mundo, la historia de la todav\u00eda secretaria general (dejar\u00e1 el cargo en febrero pr\u00f3ximo) es diferente. D\u00e9jenme les platico: en la revisi\u00f3n contractual del a\u00f1o 2024, los sobrecargos al servicio de Aerov\u00edas de M\u00e9xico (Aerom\u00e9xico) pactaron la actualizaci\u00f3n de su Reglamento Interior de Trabajo (RIT), para que estuvieran acordes con las cl\u00e1usulas del Contrato Colectivo de Trabajo (CCT).<br>Algo totalmente normal, y fue un trabajo que se debi\u00f3 de hacer, pero\u2026 P\u00f3nganse c\u00f3modos porque voy a narrar esta historia, paso a paso.<\/p>\n\n\n\n<p>La ley interna del sindicato, que rige su vida y el actuar de los agremiados, se llama Estatuto, y tenemos la obligaci\u00f3n de velar por su cumplimiento. As\u00ed que tras la revisi\u00f3n del CCT en 2024 (negociaci\u00f3n con la empresa), el Comit\u00e9 Ejecutivo se oblig\u00f3 a trabajar en la nueva redacci\u00f3n del RIT.<\/p>\n\n\n\n<p>Sin embargo -y esta es una semejanza maravillosa- en lugar de trabajar en ello, la se\u00f1ora Ada Salazar dej\u00f3 pasar el tiempo impunemente, y pens\u00f3 solamente en el proceso electoral del sindicato, de 2025. No hay plazo que no se cumpla, y el pasado 12 de enero inform\u00f3 a los representantes sindicales que deb\u00edan presentarse en el Centro Federal de Conciliaci\u00f3n y Registro laboral a mediod\u00eda \u201cpara firmar el RIT\u201d junto con la empresa Aerom\u00e9xico.<\/p>\n\n\n\n<p>Por tal motivo, gran parte de la representaci\u00f3n sindical, public\u00f3 un comunicado externando su \u201crechazo absoluto y en\u00e9rgico\u201d, pues la modificaci\u00f3n al RIT se hizo a espaldas del Comit\u00e9 Ejecutivo y, peor a\u00fan, sin el conocimiento de la Asamblea General; es decir, un reglamento para sobrecargos sin la participaci\u00f3n de los sobrecargos.<\/p>\n","protected":false},"excerpt":{"rendered":"<p>\u201cEntre las almas y entre las rosas, hay semejanzas maravillosas\u201d, dijo Jos\u00e9 Ignacio Armida; Ricardo Palmer\u00edn le puso m\u00fasica, y se volvi\u00f3 una joya musical. Pero no vine a hablar de trova yucateca, sino de aviaci\u00f3n; y es que desde hace mucho tiempo he podido comprobar que lo que sucede dentro de la Asociaci\u00f3n Sindical [&hellip;]<\/p>\n","protected":false},"author":1,"featured_media":75127,"comment_status":"open","ping_status":"open","sticky":false,"template":"","format":"standard","meta":{"om_disable_all_campaigns":false,"_monsterinsights_skip_tracking":false,"_monsterinsights_sitenote_active":false,"_monsterinsights_sitenote_note":"","_monsterinsights_sitenote_category":0,"footnotes":""},"categories":[176],"tags":[],"class_list":["post-75126","post","type-post","status-publish","format-standard","has-post-thumbnail","hentry","category-nacional"],"amp_enabled":true,"_links":{"self":[{"href":"https:\/\/lahora.mx\/index.php\/wp-json\/wp\/v2\/posts\/75126","targetHints":{"allow":["GET"]}}],"collection":[{"href":"https:\/\/lahora.mx\/index.php\/wp-json\/wp\/v2\/posts"}],"about":[{"href":"https:\/\/lahora.mx\/index.php\/wp-json\/wp\/v2\/types\/post"}],"author":[{"embeddable":true,"href":"https:\/\/lahora.mx\/index.php\/wp-json\/wp\/v2\/users\/1"}],"replies":[{"embeddable":true,"href":"https:\/\/lahora.mx\/index.php\/wp-json\/wp\/v2\/comments?post=75126"}],"version-history":[{"count":1,"href":"https:\/\/lahora.mx\/index.php\/wp-json\/wp\/v2\/posts\/75126\/revisions"}],"predecessor-version":[{"id":75128,"href":"https:\/\/lahora.mx\/index.php\/wp-json\/wp\/v2\/posts\/75126\/revisions\/75128"}],"wp:featuredmedia":[{"embeddable":true,"href":"https:\/\/lahora.mx\/index.php\/wp-json\/wp\/v2\/media\/75127"}],"wp:attachment":[{"href":"https:\/\/lahora.mx\/index.php\/wp-json\/wp\/v2\/media?parent=75126"}],"wp:term":[{"taxonomy":"category","embeddable":true,"href":"https:\/\/lahora.mx\/index.php\/wp-json\/wp\/v2\/categories?post=75126"},{"taxonomy":"post_tag","embeddable":true,"href":"https:\/\/lahora.mx\/index.php\/wp-json\/wp\/v2\/tags?post=75126"}],"curies":[{"name":"wp","href":"https:\/\/api.w.org\/{rel}","templated":true}]}}