{"id":75123,"date":"2026-01-19T18:50:45","date_gmt":"2026-01-19T18:50:45","guid":{"rendered":"https:\/\/lahora.mx\/?p=75123"},"modified":"2026-01-19T18:50:46","modified_gmt":"2026-01-19T18:50:46","slug":"trump-afirma-en-truth-social-que-otan-advirtio-20-anos-sobre-amenaza-rusa-en-groenlandia","status":"publish","type":"post","link":"https:\/\/lahora.mx\/index.php\/2026\/01\/19\/trump-afirma-en-truth-social-que-otan-advirtio-20-anos-sobre-amenaza-rusa-en-groenlandia\/","title":{"rendered":"Trump afirma en Truth Social que OTAN advirti\u00f3 20 a\u00f1os sobre amenaza rusa en Groenlandia"},"content":{"rendered":"\n<p>El presidente de Estados Unidos, Donald Trump, gener\u00f3 nuevas tensiones diplom\u00e1ticas al publicar en su red social Truth Social una declaraci\u00f3n en la que sostuvo que la Organizaci\u00f3n del Tratado del Atl\u00e1ntico Norte (OTAN) ha estado advirtiendo durante m\u00e1s de dos d\u00e9cadas a Dinamarca sobre lo que \u00e9l califica como la \u201camenaza rusa en Groenlandia\u201d. Seg\u00fan el mandatario, Dinamarca no ha tomado medidas suficientes para contrarrestar esa presencia percibida, y asegur\u00f3 que \u201cha llegado el momento\u201d de actuar al respecto.<\/p>\n\n\n\n<p>En su mensaje, Trump escribi\u00f3 que \u201cla OTAN lleva 20 a\u00f1os dici\u00e9ndole a Dinamarca que \u2018tienes que alejar la amenaza rusa de Groenlandia\u2019\u201d, pero que el pa\u00eds europeo **no ha podido hacer nada al respecto\u201d, por lo que plante\u00f3 que ahora es el momento de tomar acci\u00f3n.<\/p>\n\n\n\n<p>Expertos y l\u00edderes europeos han respondido con escepticismo a estas afirmaciones. Las autoridades danesas y de Groenlandia han reiterado que la isla no est\u00e1 en venta y que no desea formar parte de Estados Unidos, subrayando su estatus como territorio aut\u00f3nomo dentro del Reino de Dinamarca. Adem\u00e1s, varios funcionarios han se\u00f1alado que Groenlandia ya est\u00e1 protegida bajo el pacto de seguridad colectiva de la OTAN, poniendo en duda la narrativa de una amenaza desatendida.<\/p>\n\n\n\n<p>La publicaci\u00f3n de Trump se da en medio de una escalada de tensiones con aliados europeos, en la que tambi\u00e9n ha propuesto la imposici\u00f3n de aranceles progresivos sobre bienes importados de varios pa\u00edses europeos si no se permite a Estados Unidos avanzar en su objetivo respecto a Groenlandia.<\/p>\n","protected":false},"excerpt":{"rendered":"<p>El presidente de Estados Unidos, Donald Trump, gener\u00f3 nuevas tensiones diplom\u00e1ticas al publicar en su red social Truth Social una declaraci\u00f3n en la que sostuvo que la Organizaci\u00f3n del Tratado del Atl\u00e1ntico Norte (OTAN) ha estado advirtiendo durante m\u00e1s de dos d\u00e9cadas a Dinamarca sobre lo que \u00e9l califica como la \u201camenaza rusa en Groenlandia\u201d. [&hellip;]<\/p>\n","protected":false},"author":1,"featured_media":75124,"comment_status":"open","ping_status":"open","sticky":false,"template":"","format":"standard","meta":{"om_disable_all_campaigns":false,"_monsterinsights_skip_tracking":false,"_monsterinsights_sitenote_active":false,"_monsterinsights_sitenote_note":"","_monsterinsights_sitenote_category":0,"footnotes":""},"categories":[183],"tags":[],"class_list":["post-75123","post","type-post","status-publish","format-standard","has-post-thumbnail","hentry","category-internacional"],"amp_enabled":true,"_links":{"self":[{"href":"https:\/\/lahora.mx\/index.php\/wp-json\/wp\/v2\/posts\/75123","targetHints":{"allow":["GET"]}}],"collection":[{"href":"https:\/\/lahora.mx\/index.php\/wp-json\/wp\/v2\/posts"}],"about":[{"href":"https:\/\/lahora.mx\/index.php\/wp-json\/wp\/v2\/types\/post"}],"author":[{"embeddable":true,"href":"https:\/\/lahora.mx\/index.php\/wp-json\/wp\/v2\/users\/1"}],"replies":[{"embeddable":true,"href":"https:\/\/lahora.mx\/index.php\/wp-json\/wp\/v2\/comments?post=75123"}],"version-history":[{"count":1,"href":"https:\/\/lahora.mx\/index.php\/wp-json\/wp\/v2\/posts\/75123\/revisions"}],"predecessor-version":[{"id":75125,"href":"https:\/\/lahora.mx\/index.php\/wp-json\/wp\/v2\/posts\/75123\/revisions\/75125"}],"wp:featuredmedia":[{"embeddable":true,"href":"https:\/\/lahora.mx\/index.php\/wp-json\/wp\/v2\/media\/75124"}],"wp:attachment":[{"href":"https:\/\/lahora.mx\/index.php\/wp-json\/wp\/v2\/media?parent=75123"}],"wp:term":[{"taxonomy":"category","embeddable":true,"href":"https:\/\/lahora.mx\/index.php\/wp-json\/wp\/v2\/categories?post=75123"},{"taxonomy":"post_tag","embeddable":true,"href":"https:\/\/lahora.mx\/index.php\/wp-json\/wp\/v2\/tags?post=75123"}],"curies":[{"name":"wp","href":"https:\/\/api.w.org\/{rel}","templated":true}]}}