{"id":75107,"date":"2026-01-19T00:55:08","date_gmt":"2026-01-19T00:55:08","guid":{"rendered":"https:\/\/lahora.mx\/?p=75107"},"modified":"2026-01-19T00:55:08","modified_gmt":"2026-01-19T00:55:08","slug":"arranca-tonantzin-fernandez-programa-transformacion-en-marcha-en-san-pedro-cholula","status":"publish","type":"post","link":"https:\/\/lahora.mx\/index.php\/2026\/01\/19\/arranca-tonantzin-fernandez-programa-transformacion-en-marcha-en-san-pedro-cholula\/","title":{"rendered":"Arranca Tonantzin Fern\u00e1ndez programa Transformaci\u00f3n en Marcha en San Pedro Cholula"},"content":{"rendered":"\n<p>La presidenta municipal de San Pedro Cholula, Tonantzin Fern\u00e1ndez D\u00edaz, confirm\u00f3 que el pr\u00f3ximo jueves y viernes iniciar\u00e1 el programa Transformaci\u00f3n en Marcha, el cual se llevar\u00e1 a cabo en la cabecera municipal y en los barrios, con la finalidad de brindar una atenci\u00f3n integral por calles.<\/p>\n\n\n\n<p>A trav\u00e9s de este programa se ofrecer\u00e1n servicios de bacheo, mejora de iluminaci\u00f3n y poda, adem\u00e1s de que la Secretar\u00eda de Seguridad Ciudadana conformar\u00e1 comit\u00e9s vecinales de vigilancia por calle, con el objetivo de reforzar la seguridad en el municipio.<\/p>\n\n\n\n<p>La alcaldesa puntualiz\u00f3 que este programa arrancar\u00e1 con fuerza a partir de esta semana, con el prop\u00f3sito de mejorar la calidad de vida de las y los cholultecas.<\/p>\n\n\n\n<p>\u201cVamos a iniciar en la cabecera municipal y a trabajar de manera intensa en el barrio de Jes\u00fas, el barrio de Santiago y en Santa Mar\u00eda Xixitla\u201d, se\u00f1al\u00f3.<\/p>\n\n\n\n<p>Transformaci\u00f3n en Marcha es un programa que comenz\u00f3 el a\u00f1o pasado; sin embargo, debido a las festividades decembrinas tuvo que ser pausado. Ahora, el objetivo es fortalecerlo para generar un trabajo integral por calle, manzana y barrio, atendiendo una de las demandas m\u00e1s sentidas de la ciudadan\u00eda, como lo es el bacheo.<\/p>\n","protected":false},"excerpt":{"rendered":"<p>La presidenta municipal de San Pedro Cholula, Tonantzin Fern\u00e1ndez D\u00edaz, confirm\u00f3 que el pr\u00f3ximo jueves y viernes iniciar\u00e1 el programa Transformaci\u00f3n en Marcha, el cual se llevar\u00e1 a cabo en la cabecera municipal y en los barrios, con la finalidad de brindar una atenci\u00f3n integral por calles. A trav\u00e9s de este programa se ofrecer\u00e1n servicios [&hellip;]<\/p>\n","protected":false},"author":1,"featured_media":75108,"comment_status":"open","ping_status":"open","sticky":false,"template":"","format":"standard","meta":{"om_disable_all_campaigns":false,"_monsterinsights_skip_tracking":false,"_monsterinsights_sitenote_active":false,"_monsterinsights_sitenote_note":"","_monsterinsights_sitenote_category":0,"footnotes":""},"categories":[175,5],"tags":[234,128],"class_list":["post-75107","post","type-post","status-publish","format-standard","has-post-thumbnail","hentry","category-local","category-politica","tag-cholula","tag-politics"],"amp_enabled":true,"_links":{"self":[{"href":"https:\/\/lahora.mx\/index.php\/wp-json\/wp\/v2\/posts\/75107","targetHints":{"allow":["GET"]}}],"collection":[{"href":"https:\/\/lahora.mx\/index.php\/wp-json\/wp\/v2\/posts"}],"about":[{"href":"https:\/\/lahora.mx\/index.php\/wp-json\/wp\/v2\/types\/post"}],"author":[{"embeddable":true,"href":"https:\/\/lahora.mx\/index.php\/wp-json\/wp\/v2\/users\/1"}],"replies":[{"embeddable":true,"href":"https:\/\/lahora.mx\/index.php\/wp-json\/wp\/v2\/comments?post=75107"}],"version-history":[{"count":1,"href":"https:\/\/lahora.mx\/index.php\/wp-json\/wp\/v2\/posts\/75107\/revisions"}],"predecessor-version":[{"id":75109,"href":"https:\/\/lahora.mx\/index.php\/wp-json\/wp\/v2\/posts\/75107\/revisions\/75109"}],"wp:featuredmedia":[{"embeddable":true,"href":"https:\/\/lahora.mx\/index.php\/wp-json\/wp\/v2\/media\/75108"}],"wp:attachment":[{"href":"https:\/\/lahora.mx\/index.php\/wp-json\/wp\/v2\/media?parent=75107"}],"wp:term":[{"taxonomy":"category","embeddable":true,"href":"https:\/\/lahora.mx\/index.php\/wp-json\/wp\/v2\/categories?post=75107"},{"taxonomy":"post_tag","embeddable":true,"href":"https:\/\/lahora.mx\/index.php\/wp-json\/wp\/v2\/tags?post=75107"}],"curies":[{"name":"wp","href":"https:\/\/api.w.org\/{rel}","templated":true}]}}