{"id":75104,"date":"2026-01-19T00:50:08","date_gmt":"2026-01-19T00:50:08","guid":{"rendered":"https:\/\/lahora.mx\/?p=75104"},"modified":"2026-01-19T00:50:08","modified_gmt":"2026-01-19T00:50:08","slug":"mccarthys-de-san-andres-dice-adios-a-la-14-oriente-y-se-muda-a-san-pedro-cholula","status":"publish","type":"post","link":"https:\/\/lahora.mx\/index.php\/2026\/01\/19\/mccarthys-de-san-andres-dice-adios-a-la-14-oriente-y-se-muda-a-san-pedro-cholula\/","title":{"rendered":"McCarthy\u2019s de San Andr\u00e9s dice adi\u00f3s a la 14 Oriente y se muda a San Pedro Cholula"},"content":{"rendered":"\n<p class=\"wp-block-paragraph\">El sabor de las alitas y los boneless podr\u00e1 disfrutarse ahora en el municipio de San Pedro Cholula, que se convertir\u00e1 en la nueva sede del reconocido McCarthy\u2019s Irish Pub. A trav\u00e9s de sus redes sociales, el establecimiento anunci\u00f3 su pr\u00f3xima operaci\u00f3n en la llamada ciudad sagrada e invit\u00f3 a sus seguidores a mantenerse atentos a la inauguraci\u00f3n de su nuevo local.<\/p>\n\n\n\n<p class=\"wp-block-paragraph\">En diciembre pasado, el pub ubicado sobre la 14 Oriente, en el municipio de San Andr\u00e9s Cholula, anunci\u00f3 el cierre de sus puertas; sin embargo, esta medida fue temporal, ya que el concepto se trasladar\u00e1 al municipio vecino, donde abrir\u00e1 como restaurante-bar.<\/p>\n\n\n\n<p class=\"wp-block-paragraph\">\u201cHey Cholula, we are back. El abuelo est\u00e1 listo para vibrar m\u00e1s alto que nunca en la bella Cholula\u201d, se lee en la publicaci\u00f3n difundida en redes sociales, donde tambi\u00e9n se adelanta que la nueva sede estar\u00e1 ubicada en el coraz\u00f3n de San Pedro Cholula, un espacio en el que el rock tendr\u00e1 el lugar que se merece. No obstante, hasta el momento no se ha dado a conocer la ubicaci\u00f3n exacta del establecimiento.<\/p>\n\n\n\n<p class=\"wp-block-paragraph\">Cabe destacar que McCarthy\u2019s no es el \u00fanico centro nocturno que ha dejado la emblem\u00e1tica 14 Oriente. De manera temporal, Distrito 29 tambi\u00e9n cerr\u00f3 sus puertas, mientras que otros establecimientos analizan la misma situaci\u00f3n, debido a que esta vialidad ha dejado de ser rentable para la vida nocturna.<\/p>\n","protected":false},"excerpt":{"rendered":"<p>El sabor de las alitas y los boneless podr\u00e1 disfrutarse ahora en el municipio de San Pedro Cholula, que se convertir\u00e1 en la nueva sede del reconocido McCarthy\u2019s Irish Pub. A trav\u00e9s de sus redes sociales, el establecimiento anunci\u00f3 su pr\u00f3xima operaci\u00f3n en la llamada ciudad sagrada e invit\u00f3 a sus seguidores a mantenerse atentos [&hellip;]<\/p>\n","protected":false},"author":1,"featured_media":75105,"comment_status":"open","ping_status":"open","sticky":false,"template":"","format":"standard","meta":{"om_disable_all_campaigns":false,"_monsterinsights_skip_tracking":false,"footnotes":""},"categories":[3],"tags":[223],"class_list":["post-75104","post","type-post","status-publish","format-standard","has-post-thumbnail","hentry","category-entretenimiento","tag-puebla"],"amp_enabled":true,"_links":{"self":[{"href":"https:\/\/lahora.mx\/index.php\/wp-json\/wp\/v2\/posts\/75104","targetHints":{"allow":["GET"]}}],"collection":[{"href":"https:\/\/lahora.mx\/index.php\/wp-json\/wp\/v2\/posts"}],"about":[{"href":"https:\/\/lahora.mx\/index.php\/wp-json\/wp\/v2\/types\/post"}],"author":[{"embeddable":true,"href":"https:\/\/lahora.mx\/index.php\/wp-json\/wp\/v2\/users\/1"}],"replies":[{"embeddable":true,"href":"https:\/\/lahora.mx\/index.php\/wp-json\/wp\/v2\/comments?post=75104"}],"version-history":[{"count":1,"href":"https:\/\/lahora.mx\/index.php\/wp-json\/wp\/v2\/posts\/75104\/revisions"}],"predecessor-version":[{"id":75106,"href":"https:\/\/lahora.mx\/index.php\/wp-json\/wp\/v2\/posts\/75104\/revisions\/75106"}],"wp:featuredmedia":[{"embeddable":true,"href":"https:\/\/lahora.mx\/index.php\/wp-json\/wp\/v2\/media\/75105"}],"wp:attachment":[{"href":"https:\/\/lahora.mx\/index.php\/wp-json\/wp\/v2\/media?parent=75104"}],"wp:term":[{"taxonomy":"category","embeddable":true,"href":"https:\/\/lahora.mx\/index.php\/wp-json\/wp\/v2\/categories?post=75104"},{"taxonomy":"post_tag","embeddable":true,"href":"https:\/\/lahora.mx\/index.php\/wp-json\/wp\/v2\/tags?post=75104"}],"curies":[{"name":"wp","href":"https:\/\/api.w.org\/{rel}","templated":true}]}}