{"id":75079,"date":"2026-01-18T18:56:37","date_gmt":"2026-01-18T18:56:37","guid":{"rendered":"https:\/\/lahora.mx\/?p=75079"},"modified":"2026-01-18T18:56:38","modified_gmt":"2026-01-18T18:56:38","slug":"otan-cierra-filas-con-dinamarca-frente-al-interes-de-trump-en-groenlandia","status":"publish","type":"post","link":"https:\/\/lahora.mx\/index.php\/2026\/01\/18\/otan-cierra-filas-con-dinamarca-frente-al-interes-de-trump-en-groenlandia\/","title":{"rendered":"OTAN cierra filas con Dinamarca frente al inter\u00e9s de Trump en Groenlandia"},"content":{"rendered":"\n<p>Ante la intenci\u00f3n del presidente de Estados Unidos, Donald Trump, de adquirir Groenlandia, ocho pa\u00edses miembros de la OTAN Dinamarca, Finlandia, Francia, Alemania, Pa\u00edses Bajos, Noruega, Suecia y el Reino Unido expresaron su plena solidaridad con Dinamarca y el pueblo groenland\u00e9s. A trav\u00e9s de un comunicado conjunto, rechazaron los planes de anexi\u00f3n por parte de Estados Unidos y aseguraron que la operaci\u00f3n militar en la regi\u00f3n no representa una amenaza para ning\u00fan pa\u00eds, luego de que Trump advirtiera sobre la posible imposici\u00f3n de aranceles.<\/p>\n\n\n\n<p>\u201cComo miembros de la OTAN, estamos comprometidos con el fortalecimiento de la seguridad del \u00c1rtico como inter\u00e9s transatl\u00e1ntico compartido. El ejercicio dan\u00e9s \u00abArctic Endurance\u00bb, coordinado previamente y llevado a cabo con los aliados, responde a esta necesidad. No supone ninguna amenaza para nadie\u201d se\u00f1alaron en el documento.<\/p>\n\n\n\n<p>Asimismo, manifestaron su disposici\u00f3n a entablar un dialogo basado en los principios de soberan\u00eda e integridad territorial, los cuales afirmaron defender firmemente. En la misma l\u00ednea, la presidenta de la Comisi\u00f3n Europea, Ursula von der Leyen, y el presidente del Consejo Europeo, Ant\u00f3nio Costa, advirtieron que las amenazas arancelarias debilitan las relaciones transatl\u00e1nticas y conllevan el riesgo de desencadenar una peligrosa espiral de deterioro diplom\u00e1tico.<\/p>\n\n\n\n<p>Mediante una publicaci\u00f3n en su red social Truth Social, Donald Trump afirm\u00f3 que su administraci\u00f3n avanzar\u00e1 en la aplicaci\u00f3n de aranceles como parte de una estrategia orientada a la adquisici\u00f3n de Groenlandia, territorio perteneciente al Reino de Dinamarca.<\/p>\n\n\n\n<p>Adem\u00e1s, anunci\u00f3 que, a partir del 1 de febrero, Dinamarca, Noruega, Suecia, Francia, Alemania, el Reino Unido, Pa\u00edses Bajos y Finlandia estar\u00e1n sujetos a un gravamen del 10 % sobre todas sus exportaciones hacia Estados Unidos. Este porcentaje se incrementar\u00eda al 25% a partir del 1 de junio de 2026, en caso de que no se concrete un acuerdo relacionado con Groenlandia.<\/p>\n","protected":false},"excerpt":{"rendered":"<p>Ante la intenci\u00f3n del presidente de Estados Unidos, Donald Trump, de adquirir Groenlandia, ocho pa\u00edses miembros de la OTAN Dinamarca, Finlandia, Francia, Alemania, Pa\u00edses Bajos, Noruega, Suecia y el Reino Unido expresaron su plena solidaridad con Dinamarca y el pueblo groenland\u00e9s. A trav\u00e9s de un comunicado conjunto, rechazaron los planes de anexi\u00f3n por parte de [&hellip;]<\/p>\n","protected":false},"author":1,"featured_media":75080,"comment_status":"open","ping_status":"open","sticky":false,"template":"","format":"standard","meta":{"om_disable_all_campaigns":false,"_monsterinsights_skip_tracking":false,"_monsterinsights_sitenote_active":false,"_monsterinsights_sitenote_note":"","_monsterinsights_sitenote_category":0,"footnotes":""},"categories":[183],"tags":[],"class_list":["post-75079","post","type-post","status-publish","format-standard","has-post-thumbnail","hentry","category-internacional"],"amp_enabled":true,"_links":{"self":[{"href":"https:\/\/lahora.mx\/index.php\/wp-json\/wp\/v2\/posts\/75079","targetHints":{"allow":["GET"]}}],"collection":[{"href":"https:\/\/lahora.mx\/index.php\/wp-json\/wp\/v2\/posts"}],"about":[{"href":"https:\/\/lahora.mx\/index.php\/wp-json\/wp\/v2\/types\/post"}],"author":[{"embeddable":true,"href":"https:\/\/lahora.mx\/index.php\/wp-json\/wp\/v2\/users\/1"}],"replies":[{"embeddable":true,"href":"https:\/\/lahora.mx\/index.php\/wp-json\/wp\/v2\/comments?post=75079"}],"version-history":[{"count":1,"href":"https:\/\/lahora.mx\/index.php\/wp-json\/wp\/v2\/posts\/75079\/revisions"}],"predecessor-version":[{"id":75081,"href":"https:\/\/lahora.mx\/index.php\/wp-json\/wp\/v2\/posts\/75079\/revisions\/75081"}],"wp:featuredmedia":[{"embeddable":true,"href":"https:\/\/lahora.mx\/index.php\/wp-json\/wp\/v2\/media\/75080"}],"wp:attachment":[{"href":"https:\/\/lahora.mx\/index.php\/wp-json\/wp\/v2\/media?parent=75079"}],"wp:term":[{"taxonomy":"category","embeddable":true,"href":"https:\/\/lahora.mx\/index.php\/wp-json\/wp\/v2\/categories?post=75079"},{"taxonomy":"post_tag","embeddable":true,"href":"https:\/\/lahora.mx\/index.php\/wp-json\/wp\/v2\/tags?post=75079"}],"curies":[{"name":"wp","href":"https:\/\/api.w.org\/{rel}","templated":true}]}}