{"id":75037,"date":"2026-01-17T02:27:23","date_gmt":"2026-01-17T02:27:23","guid":{"rendered":"https:\/\/lahora.mx\/?p=75037"},"modified":"2026-01-17T02:27:24","modified_gmt":"2026-01-17T02:27:24","slug":"localizan-con-vida-al-catedratico-de-la-ibero-puebla-leonardo-escobar","status":"publish","type":"post","link":"https:\/\/lahora.mx\/index.php\/2026\/01\/17\/localizan-con-vida-al-catedratico-de-la-ibero-puebla-leonardo-escobar\/","title":{"rendered":"Localizan con vida al catedratico de la Ibero Puebla Leonardo Escobar"},"content":{"rendered":"\n<p>Tras la manifestaci\u00f3n que realizaron profesores y alumnos de la IBERO, fue localizado el docente, Leonardo Escobar, tras 14 d\u00edas de mantenerse como desaparecido luego de haber sido detenido en Apodaca, confirm\u00f3 la Fiscal\u00eda de Nuevo Le\u00f3n <\/p>\n\n\n\n<p>La informaci\u00f3n tambi\u00e9n fue confirmada por la propia instituci\u00f3n educativa. A trav\u00e9s de un comunicado se\u00f1al\u00f3 que el docente, de origen colombiano, fue ubicado en el municipio de Ju\u00e1rez, Nuevo Le\u00f3n.<\/p>\n\n\n\n<p>La Ibero Puebla precis\u00f3 que se mantiene a la espera de mayor informaci\u00f3n para conocer el estado de salud de Leonardo Escobar Barrios, as\u00ed como las condiciones en las que fue localizado y el avance de las investigaciones correspondientes.<\/p>\n\n\n\n<p>En tanto, la Fiscal\u00eda de Nuevo Le\u00f3n indic\u00f3 que la localizaci\u00f3n de Leonardo Escobar Barrios fue resultado de la coordinaci\u00f3n entre autoridades de seguridad estatales y federales, sin ofrecer mayores detalles sobre el operativo ni las circunstancias espec\u00edficas del hallazgo.<\/p>\n\n\n\n<p>Dicho comunicado sali\u00f3 a la luz seis horas despu\u00e9s de la protesta que realizaron esta ma\u00f1ana de viernes m\u00e1s de 200 alumnos y maestros de la Universidad Iberoamericana, quienes protestaron de forma pac\u00edfica afuera del campus ubicado en el Boulevard del Ni\u00f1o Poblano.<\/p>\n\n\n\n<p>Aunque de momento no hay mayor informaci\u00f3n al respecto, de manera preliminar trascendi\u00f3 que el catedr\u00e1tico fue localizado en un centro de rehabilitaci\u00f3n ubicado en el municipio de Ju\u00e1rez en NL., sin embargo, se espera que las autoridades ampl\u00eden los detalles en torno al caso y se confirme el lugar donde se realiz\u00f3 dicha localizaci\u00f3n.<\/p>\n","protected":false},"excerpt":{"rendered":"<p>Tras la manifestaci\u00f3n que realizaron profesores y alumnos de la IBERO, fue localizado el docente, Leonardo Escobar, tras 14 d\u00edas de mantenerse como desaparecido luego de haber sido detenido en Apodaca, confirm\u00f3 la Fiscal\u00eda de Nuevo Le\u00f3n La informaci\u00f3n tambi\u00e9n fue confirmada por la propia instituci\u00f3n educativa. A trav\u00e9s de un comunicado se\u00f1al\u00f3 que el [&hellip;]<\/p>\n","protected":false},"author":1,"featured_media":75038,"comment_status":"open","ping_status":"open","sticky":false,"template":"","format":"standard","meta":{"om_disable_all_campaigns":false,"_monsterinsights_skip_tracking":false,"_monsterinsights_sitenote_active":false,"_monsterinsights_sitenote_note":"","_monsterinsights_sitenote_category":0,"footnotes":""},"categories":[175],"tags":[195,223,282],"class_list":["post-75037","post","type-post","status-publish","format-standard","has-post-thumbnail","hentry","category-local","tag-principal","tag-puebla","tag-seguridad"],"amp_enabled":true,"_links":{"self":[{"href":"https:\/\/lahora.mx\/index.php\/wp-json\/wp\/v2\/posts\/75037","targetHints":{"allow":["GET"]}}],"collection":[{"href":"https:\/\/lahora.mx\/index.php\/wp-json\/wp\/v2\/posts"}],"about":[{"href":"https:\/\/lahora.mx\/index.php\/wp-json\/wp\/v2\/types\/post"}],"author":[{"embeddable":true,"href":"https:\/\/lahora.mx\/index.php\/wp-json\/wp\/v2\/users\/1"}],"replies":[{"embeddable":true,"href":"https:\/\/lahora.mx\/index.php\/wp-json\/wp\/v2\/comments?post=75037"}],"version-history":[{"count":1,"href":"https:\/\/lahora.mx\/index.php\/wp-json\/wp\/v2\/posts\/75037\/revisions"}],"predecessor-version":[{"id":75039,"href":"https:\/\/lahora.mx\/index.php\/wp-json\/wp\/v2\/posts\/75037\/revisions\/75039"}],"wp:featuredmedia":[{"embeddable":true,"href":"https:\/\/lahora.mx\/index.php\/wp-json\/wp\/v2\/media\/75038"}],"wp:attachment":[{"href":"https:\/\/lahora.mx\/index.php\/wp-json\/wp\/v2\/media?parent=75037"}],"wp:term":[{"taxonomy":"category","embeddable":true,"href":"https:\/\/lahora.mx\/index.php\/wp-json\/wp\/v2\/categories?post=75037"},{"taxonomy":"post_tag","embeddable":true,"href":"https:\/\/lahora.mx\/index.php\/wp-json\/wp\/v2\/tags?post=75037"}],"curies":[{"name":"wp","href":"https:\/\/api.w.org\/{rel}","templated":true}]}}