{"id":75005,"date":"2026-01-16T22:47:10","date_gmt":"2026-01-16T22:47:10","guid":{"rendered":"https:\/\/lahora.mx\/?p=75005"},"modified":"2026-01-16T22:47:11","modified_gmt":"2026-01-16T22:47:11","slug":"fiscalia-de-nuevo-leon-organiza-megaoperativo-tras-14-dias-de-desaparicion-de-profesor-de-la-ibero-puebla","status":"publish","type":"post","link":"https:\/\/lahora.mx\/index.php\/2026\/01\/16\/fiscalia-de-nuevo-leon-organiza-megaoperativo-tras-14-dias-de-desaparicion-de-profesor-de-la-ibero-puebla\/","title":{"rendered":"Fiscal\u00eda de Nuevo Le\u00f3n organiza megaoperativo tras 14 d\u00edas de desaparici\u00f3n de profesor de la Ibero Puebla"},"content":{"rendered":"\n<p>A 14 d\u00edas del reporte de desaparici\u00f3n y tras llegar el caso a la conferencia matutina de la presidenta Claudia Sheinbaum, as\u00ed como una manifestaci\u00f3n en Puebla, la Fiscal\u00eda General de Justicia de Nuevo Le\u00f3n dispuso a 100 polic\u00edas para un operativo de b\u00fasqueda del acad\u00e9mico de la Ibero Puebla, Leonardo Ariel Escobar Barrios, por los alrededores del Aeropuerto Mariano Escobedo, en el municipio de Apodaca, as\u00ed como la vecina ciudad de Pesquer\u00eda.<\/p>\n\n\n\n<p>El fiscal del estado fronterizo, Javier Flores Sald\u00edvar, fue cuestionado sobre si la raz\u00f3n por la que no se ha localizado al docente es que habr\u00eda tomado otro vuelo, a lo que respondi\u00f3: \u201cLa evidencia que tenemos es que al parecer anda todav\u00eda por estos lugares\u201d, asegur\u00f3.<\/p>\n\n\n\n<p>Por la ma\u00f1ana, en la conferencia presidencial, el titular de la SSPC, Omar Garc\u00eda Harfuch, dijo que la \u00faltima informaci\u00f3n que tienen sobre el acad\u00e9mico es que \u201cse vio deambulando por la zona\u201d y \u201clo vieron un poco desorientado\u201d seg\u00fan se puede ver en las c\u00e1maras de seguridad.<\/p>\n\n\n\n<p>En tanto, alumnos, profesores y autoridades de la Ibero Puebla realizaron una manifestaci\u00f3n este viernes en el bulevar del Ni\u00f1o Poblano exigiendo la b\u00fasqueda del acad\u00e9mico.<\/p>\n\n\n\n<p>Escobar Barrios, originario de Colombia, desapareci\u00f3 el 2 de enero en el municipio de Apodaca, \u2013 en donde se encuentra el aeropuerto internacional -, despu\u00e9s de que habr\u00eda sido arrestado el 31 de diciembre por faltas administrativas por elementos de la Guardia Nacional y puesto a disposici\u00f3n de un juez c\u00edvico.<\/p>\n\n\n\n<p>Su familia dej\u00f3 de tener noticias de \u00e9l despu\u00e9s de que fue liberado, mientras que las autoridades reportaron que el acad\u00e9mico regres\u00f3 al aeropuerto vistiendo ropa distinta a la que portaba al estar arrestado, a la vez que su maleta fue localizada en el aeropuerto como no reclamada.<\/p>\n\n\n\n<p>El rector de la Ibero Puebla, Alejandro Guevara Sangin\u00e9s se\u00f1al\u00f3 que hay inconsistencias en cuanto a la informaci\u00f3n sobre el caso del docente, pues inicialmente se habl\u00f3 de un problema en un filtro de Migraci\u00f3n, por lo que habl\u00f3 con el titular del INM, Sergio Salom\u00f3n C\u00e9spedes Peregrina, quien le comprob\u00f3 que no hubo problema alguno con el catedr\u00e1tico a pesar de que as\u00ed lo afirmaron las autoridades de Apodaca, Nuevo Le\u00f3n.<\/p>\n\n\n\n<p>M\u00e1s adelante, el representante universitario recibi\u00f3 informaci\u00f3n de que Escobar Barrios fue detenido por 36 horas y dejado en libertad, pero tampoco hay datos en el Registro Nacional de Detenciones aunque si hay un reporte de puesta a disposici\u00f3n a la autoridad de Apodaca por parte de la Guardia Nacional.<\/p>\n\n\n\n<p>Las acciones de b\u00fasqueda del docente Ariel Escobar iniciaron 14 d\u00edas despu\u00e9s del reporte de desaparici\u00f3n y porque el caso lleg\u00f3 a la conferencia matutina federal este viernes 16 de enero, donde el titular de la SSPC, Omar Garc\u00eda Harfuch revel\u00f3 que fue visto deambulando por la zona del aeropuerto pero un poco \u201cdesorientado\u201d, lo cual se confirm\u00f3 por medio de c\u00e1maras de seguridad.<\/p>\n","protected":false},"excerpt":{"rendered":"<p>A 14 d\u00edas del reporte de desaparici\u00f3n y tras llegar el caso a la conferencia matutina de la presidenta Claudia Sheinbaum, as\u00ed como una manifestaci\u00f3n en Puebla, la Fiscal\u00eda General de Justicia de Nuevo Le\u00f3n dispuso a 100 polic\u00edas para un operativo de b\u00fasqueda del acad\u00e9mico de la Ibero Puebla, Leonardo Ariel Escobar Barrios, por [&hellip;]<\/p>\n","protected":false},"author":1,"featured_media":75007,"comment_status":"open","ping_status":"open","sticky":false,"template":"","format":"standard","meta":{"om_disable_all_campaigns":false,"_monsterinsights_skip_tracking":false,"_monsterinsights_sitenote_active":false,"_monsterinsights_sitenote_note":"","_monsterinsights_sitenote_category":0,"footnotes":""},"categories":[226],"tags":[],"class_list":["post-75005","post","type-post","status-publish","format-standard","has-post-thumbnail","hentry","category-policia"],"amp_enabled":true,"_links":{"self":[{"href":"https:\/\/lahora.mx\/index.php\/wp-json\/wp\/v2\/posts\/75005","targetHints":{"allow":["GET"]}}],"collection":[{"href":"https:\/\/lahora.mx\/index.php\/wp-json\/wp\/v2\/posts"}],"about":[{"href":"https:\/\/lahora.mx\/index.php\/wp-json\/wp\/v2\/types\/post"}],"author":[{"embeddable":true,"href":"https:\/\/lahora.mx\/index.php\/wp-json\/wp\/v2\/users\/1"}],"replies":[{"embeddable":true,"href":"https:\/\/lahora.mx\/index.php\/wp-json\/wp\/v2\/comments?post=75005"}],"version-history":[{"count":1,"href":"https:\/\/lahora.mx\/index.php\/wp-json\/wp\/v2\/posts\/75005\/revisions"}],"predecessor-version":[{"id":75008,"href":"https:\/\/lahora.mx\/index.php\/wp-json\/wp\/v2\/posts\/75005\/revisions\/75008"}],"wp:featuredmedia":[{"embeddable":true,"href":"https:\/\/lahora.mx\/index.php\/wp-json\/wp\/v2\/media\/75007"}],"wp:attachment":[{"href":"https:\/\/lahora.mx\/index.php\/wp-json\/wp\/v2\/media?parent=75005"}],"wp:term":[{"taxonomy":"category","embeddable":true,"href":"https:\/\/lahora.mx\/index.php\/wp-json\/wp\/v2\/categories?post=75005"},{"taxonomy":"post_tag","embeddable":true,"href":"https:\/\/lahora.mx\/index.php\/wp-json\/wp\/v2\/tags?post=75005"}],"curies":[{"name":"wp","href":"https:\/\/api.w.org\/{rel}","templated":true}]}}