{"id":74989,"date":"2026-01-16T17:02:21","date_gmt":"2026-01-16T17:02:21","guid":{"rendered":"https:\/\/lahora.mx\/?p=74989"},"modified":"2026-01-16T17:02:21","modified_gmt":"2026-01-16T17:02:21","slug":"trump-amenaza-con-aranceles-a-paises-que-no-respalden-sus-planes-para-groenlandia","status":"publish","type":"post","link":"https:\/\/lahora.mx\/index.php\/2026\/01\/16\/trump-amenaza-con-aranceles-a-paises-que-no-respalden-sus-planes-para-groenlandia\/","title":{"rendered":"Trump amenaza con aranceles a pa\u00edses que no respalden sus planes para Groenlandia"},"content":{"rendered":"\n<p>El presidente de Estados Unidos, Donald Trump, sugiri\u00f3 el viernes&nbsp;<strong>que podr\u00eda castigar con aranceles a los pa\u00edses que no respalden el control estadunidense de Groenlandia<\/strong>, una advertencia que elev\u00f3 la presi\u00f3n diplom\u00e1tica sobre aliados europeos mientras una delegaci\u00f3n del Congreso intentaba reducir tensiones en Dinamarca.&nbsp;<\/p>\n\n\n\n<p>La declaraci\u00f3n de Trump se produjo al mismo tiempo que legisladores estadunidenses se reun\u00edan en Copenhague con parlamentarios daneses y groenlandeses, en un esfuerzo por rebajar el tono de un diferendo que ha ido en aumento en los \u00faltimos meses. El mandatario ha insistido reiteradamente en que&nbsp;<strong>Estados Unidos debe ejercer control sobre Groenlandia<\/strong>, un territorio semiaut\u00f3nomo de Dinamarca, pa\u00eds miembro de la OTAN y aliado hist\u00f3rico de Washington.<\/p>\n\n\n\n<p>\u201c<strong>Podr\u00eda imponer aranceles a los pa\u00edses que no se sumen a Groenlandia<\/strong>\u201d, declar\u00f3 Trump a periodistas el viernes, sin precisar qu\u00e9 naciones podr\u00edan verse afectadas ni el alcance de las eventuales medidas comerciales. \u201c<strong>Necesitamos a Groenlandia para la seguridad nacional<\/strong>\u201d, a\u00f1adi\u00f3, reforzando el argumento estrat\u00e9gico que su administraci\u00f3n ha esgrimido para justificar su postura sobre la isla \u00e1rtica.<\/p>\n\n\n\n<p>Hasta ahora, Trump no hab\u00eda mencionado p\u00fablicamente el uso de aranceles como instrumento para forzar apoyos internacionales en relaci\u00f3n con Groenlandia, lo que marca una escalada en el lenguaje empleado por la Casa Blanca. A principios de esta semana, el presidente afirm\u00f3 que&nbsp;<strong>cualquier escenario en el que Groenlandia no estuviera bajo control estadunidense ser\u00eda \u201cinaceptable\u201d<\/strong>, una declaraci\u00f3n que gener\u00f3 preocupaci\u00f3n en Copenhague y Nuuk.<\/p>\n","protected":false},"excerpt":{"rendered":"<p>El presidente de Estados Unidos, Donald Trump, sugiri\u00f3 el viernes&nbsp;que podr\u00eda castigar con aranceles a los pa\u00edses que no respalden el control estadunidense de Groenlandia, una advertencia que elev\u00f3 la presi\u00f3n diplom\u00e1tica sobre aliados europeos mientras una delegaci\u00f3n del Congreso intentaba reducir tensiones en Dinamarca.&nbsp; La declaraci\u00f3n de Trump se produjo al mismo tiempo que [&hellip;]<\/p>\n","protected":false},"author":1,"featured_media":74990,"comment_status":"open","ping_status":"open","sticky":false,"template":"","format":"standard","meta":{"om_disable_all_campaigns":false,"_monsterinsights_skip_tracking":false,"_monsterinsights_sitenote_active":false,"_monsterinsights_sitenote_note":"","_monsterinsights_sitenote_category":0,"footnotes":""},"categories":[183],"tags":[29,239,128],"class_list":["post-74989","post","type-post","status-publish","format-standard","has-post-thumbnail","hentry","category-internacional","tag-business","tag-gobierno","tag-politics"],"amp_enabled":true,"_links":{"self":[{"href":"https:\/\/lahora.mx\/index.php\/wp-json\/wp\/v2\/posts\/74989","targetHints":{"allow":["GET"]}}],"collection":[{"href":"https:\/\/lahora.mx\/index.php\/wp-json\/wp\/v2\/posts"}],"about":[{"href":"https:\/\/lahora.mx\/index.php\/wp-json\/wp\/v2\/types\/post"}],"author":[{"embeddable":true,"href":"https:\/\/lahora.mx\/index.php\/wp-json\/wp\/v2\/users\/1"}],"replies":[{"embeddable":true,"href":"https:\/\/lahora.mx\/index.php\/wp-json\/wp\/v2\/comments?post=74989"}],"version-history":[{"count":1,"href":"https:\/\/lahora.mx\/index.php\/wp-json\/wp\/v2\/posts\/74989\/revisions"}],"predecessor-version":[{"id":74991,"href":"https:\/\/lahora.mx\/index.php\/wp-json\/wp\/v2\/posts\/74989\/revisions\/74991"}],"wp:featuredmedia":[{"embeddable":true,"href":"https:\/\/lahora.mx\/index.php\/wp-json\/wp\/v2\/media\/74990"}],"wp:attachment":[{"href":"https:\/\/lahora.mx\/index.php\/wp-json\/wp\/v2\/media?parent=74989"}],"wp:term":[{"taxonomy":"category","embeddable":true,"href":"https:\/\/lahora.mx\/index.php\/wp-json\/wp\/v2\/categories?post=74989"},{"taxonomy":"post_tag","embeddable":true,"href":"https:\/\/lahora.mx\/index.php\/wp-json\/wp\/v2\/tags?post=74989"}],"curies":[{"name":"wp","href":"https:\/\/api.w.org\/{rel}","templated":true}]}}