{"id":74972,"date":"2026-01-16T16:57:53","date_gmt":"2026-01-16T16:57:53","guid":{"rendered":"https:\/\/lahora.mx\/?p=74972"},"modified":"2026-01-16T16:57:54","modified_gmt":"2026-01-16T16:57:54","slug":"preve-pc-lluvias-y-actividad-electrica-en-cinco-regiones-de-puebla-para-este-viernes","status":"publish","type":"post","link":"https:\/\/lahora.mx\/index.php\/2026\/01\/16\/preve-pc-lluvias-y-actividad-electrica-en-cinco-regiones-de-puebla-para-este-viernes\/","title":{"rendered":"Prev\u00e9 PC lluvias y actividad el\u00e9ctrica en cinco regiones de Puebla para este viernes"},"content":{"rendered":"\n<p>La Coordinaci\u00f3n General de Protecci\u00f3n Civil del Estado de Puebla emiti\u00f3 el pron\u00f3stico meteorol\u00f3gico para las pr\u00f3ximas 24 horas, en el que se anticipan precipitaciones y condiciones de viento en diversas zonas del territorio estatal.<\/p>\n\n\n\n<p>De acuerdo con el reporte oficial, se prev\u00e9n lluvias dispersas de ligera intensidad y posibles chubascos acompa\u00f1ados de actividad el\u00e9ctrica en las siguientes regiones:<br>Sierra Norte<\/p>\n\n\n\n<p>Sierra Negra<\/p>\n\n\n\n<p>Valle Serd\u00e1n<\/p>\n\n\n\n<p>Valle de Atlixco<\/p>\n\n\n\n<p>Angel\u00f3polis<\/p>\n\n\n\n<p>Para el resto de la entidad no se esperan precipitaciones. En cuanto a las temperaturas, predominar\u00e1 un ambiente de templado a c\u00e1lido durante el d\u00eda, pues la Sierra Nororiental y Valle Serd\u00e1n contar\u00e1n con m\u00e1ximas de 20 a 21\u00b0C.<\/p>\n\n\n\n<p>Las Sierras Norte y Negra, Valle de Atlixco y Angel\u00f3polis de 22 a 23\u00b0C, mientras que la Mixteca, tendr\u00e1 una extrema de hasta 28\u00b0C.<\/p>\n\n\n\n<p>En la mayor parte del estado se estiman vientos con componente sur de 10 a 20 km\/h, con rachas que podr\u00edan alcanzar los 35 km\/h.<\/p>\n\n\n\n<p>La autoridad inform\u00f3 que estas condiciones meteorol\u00f3gicas persistir\u00e1n durante las pr\u00f3ximas 48 horas, por lo que se recomienda a la poblaci\u00f3n extremar precauciones ante la actividad el\u00e9ctrica y las rachas de viento reportadas.<\/p>\n","protected":false},"excerpt":{"rendered":"<p>La Coordinaci\u00f3n General de Protecci\u00f3n Civil del Estado de Puebla emiti\u00f3 el pron\u00f3stico meteorol\u00f3gico para las pr\u00f3ximas 24 horas, en el que se anticipan precipitaciones y condiciones de viento en diversas zonas del territorio estatal. De acuerdo con el reporte oficial, se prev\u00e9n lluvias dispersas de ligera intensidad y posibles chubascos acompa\u00f1ados de actividad el\u00e9ctrica [&hellip;]<\/p>\n","protected":false},"author":1,"featured_media":74976,"comment_status":"open","ping_status":"open","sticky":false,"template":"","format":"standard","meta":{"om_disable_all_campaigns":false,"_monsterinsights_skip_tracking":false,"_monsterinsights_sitenote_active":false,"_monsterinsights_sitenote_note":"","_monsterinsights_sitenote_category":0,"footnotes":""},"categories":[175],"tags":[195,223],"class_list":["post-74972","post","type-post","status-publish","format-standard","has-post-thumbnail","hentry","category-local","tag-principal","tag-puebla"],"amp_enabled":true,"_links":{"self":[{"href":"https:\/\/lahora.mx\/index.php\/wp-json\/wp\/v2\/posts\/74972","targetHints":{"allow":["GET"]}}],"collection":[{"href":"https:\/\/lahora.mx\/index.php\/wp-json\/wp\/v2\/posts"}],"about":[{"href":"https:\/\/lahora.mx\/index.php\/wp-json\/wp\/v2\/types\/post"}],"author":[{"embeddable":true,"href":"https:\/\/lahora.mx\/index.php\/wp-json\/wp\/v2\/users\/1"}],"replies":[{"embeddable":true,"href":"https:\/\/lahora.mx\/index.php\/wp-json\/wp\/v2\/comments?post=74972"}],"version-history":[{"count":1,"href":"https:\/\/lahora.mx\/index.php\/wp-json\/wp\/v2\/posts\/74972\/revisions"}],"predecessor-version":[{"id":74978,"href":"https:\/\/lahora.mx\/index.php\/wp-json\/wp\/v2\/posts\/74972\/revisions\/74978"}],"wp:featuredmedia":[{"embeddable":true,"href":"https:\/\/lahora.mx\/index.php\/wp-json\/wp\/v2\/media\/74976"}],"wp:attachment":[{"href":"https:\/\/lahora.mx\/index.php\/wp-json\/wp\/v2\/media?parent=74972"}],"wp:term":[{"taxonomy":"category","embeddable":true,"href":"https:\/\/lahora.mx\/index.php\/wp-json\/wp\/v2\/categories?post=74972"},{"taxonomy":"post_tag","embeddable":true,"href":"https:\/\/lahora.mx\/index.php\/wp-json\/wp\/v2\/tags?post=74972"}],"curies":[{"name":"wp","href":"https:\/\/api.w.org\/{rel}","templated":true}]}}