{"id":74901,"date":"2026-01-15T18:07:18","date_gmt":"2026-01-15T18:07:18","guid":{"rendered":"https:\/\/lahora.mx\/?p=74901"},"modified":"2026-01-15T18:07:19","modified_gmt":"2026-01-15T18:07:19","slug":"avanza-plaga-de-gusano-barrenador-en-el-cerro-zapotecas-en-san-pedro-cholula","status":"publish","type":"post","link":"https:\/\/lahora.mx\/index.php\/2026\/01\/15\/avanza-plaga-de-gusano-barrenador-en-el-cerro-zapotecas-en-san-pedro-cholula\/","title":{"rendered":"Avanza plaga de gusano barrenador en el Cerro Zapotecas en San Pedro Cholula"},"content":{"rendered":"\n<p>El secretario de Gobernaci\u00f3n de San Pedro Cholula, Carlos Carrillo Cort\u00e9s, inform\u00f3 que autoridades auxiliares y municipales trabajan de manera coordinada para evitar que la plaga del gusano barrenador contin\u00fae propag\u00e1ndose en el Cerro Zapotecas, considerado uno de los principales pulmones naturales del municipio.<\/p>\n\n\n\n<p>Se\u00f1al\u00f3 que actualmente se encuentran a la espera del respaldo del Gobierno del Estado, ya que para atender esta problem\u00e1tica se requiere de equipo especializado en ecolog\u00eda y medio ambiente, as\u00ed como de personal forestal, a fin de contener la plaga, la cual ya es visible desde distintos puntos del cerro.<br>En este pulm\u00f3n en algunos \u00e1rboles se han colocado carteles preventivos para alertar a ciclistas y visitantes, debido a que el uso de bicicletas puede facilitar el traslado del gusano a otras zonas, lo que incrementar\u00eda el riesgo de dispersi\u00f3n.<\/p>\n\n\n\n<p>Carrillo Cort\u00e9s explic\u00f3 que el Cerro Zapotecas abarca tres juntas auxiliares, por lo que se realizan recorridos de supervisi\u00f3n; sin embargo, reiter\u00f3 la necesidad del apoyo de brigadas forestales y dependencias ambientales para realizar una atenci\u00f3n adecuada. A\u00f1adi\u00f3 que, hasta el momento, no se tiene un c\u00e1lculo preciso del n\u00famero de \u00e1rboles afectados.<\/p>\n\n\n\n<p>Finalmente, puntualiz\u00f3 que durante la administraci\u00f3n pasada no se aplicaron acciones preventivas, lo que ha provocado que actualmente la plaga avance de manera acelerada en este espacio natural.<\/p>\n","protected":false},"excerpt":{"rendered":"<p>El secretario de Gobernaci\u00f3n de San Pedro Cholula, Carlos Carrillo Cort\u00e9s, inform\u00f3 que autoridades auxiliares y municipales trabajan de manera coordinada para evitar que la plaga del gusano barrenador contin\u00fae propag\u00e1ndose en el Cerro Zapotecas, considerado uno de los principales pulmones naturales del municipio. Se\u00f1al\u00f3 que actualmente se encuentran a la espera del respaldo del [&hellip;]<\/p>\n","protected":false},"author":1,"featured_media":74902,"comment_status":"open","ping_status":"open","sticky":false,"template":"","format":"standard","meta":{"om_disable_all_campaigns":false,"_monsterinsights_skip_tracking":false,"_monsterinsights_sitenote_active":false,"_monsterinsights_sitenote_note":"","_monsterinsights_sitenote_category":0,"footnotes":""},"categories":[175],"tags":[234],"class_list":["post-74901","post","type-post","status-publish","format-standard","has-post-thumbnail","hentry","category-local","tag-cholula"],"amp_enabled":true,"_links":{"self":[{"href":"https:\/\/lahora.mx\/index.php\/wp-json\/wp\/v2\/posts\/74901","targetHints":{"allow":["GET"]}}],"collection":[{"href":"https:\/\/lahora.mx\/index.php\/wp-json\/wp\/v2\/posts"}],"about":[{"href":"https:\/\/lahora.mx\/index.php\/wp-json\/wp\/v2\/types\/post"}],"author":[{"embeddable":true,"href":"https:\/\/lahora.mx\/index.php\/wp-json\/wp\/v2\/users\/1"}],"replies":[{"embeddable":true,"href":"https:\/\/lahora.mx\/index.php\/wp-json\/wp\/v2\/comments?post=74901"}],"version-history":[{"count":1,"href":"https:\/\/lahora.mx\/index.php\/wp-json\/wp\/v2\/posts\/74901\/revisions"}],"predecessor-version":[{"id":74903,"href":"https:\/\/lahora.mx\/index.php\/wp-json\/wp\/v2\/posts\/74901\/revisions\/74903"}],"wp:featuredmedia":[{"embeddable":true,"href":"https:\/\/lahora.mx\/index.php\/wp-json\/wp\/v2\/media\/74902"}],"wp:attachment":[{"href":"https:\/\/lahora.mx\/index.php\/wp-json\/wp\/v2\/media?parent=74901"}],"wp:term":[{"taxonomy":"category","embeddable":true,"href":"https:\/\/lahora.mx\/index.php\/wp-json\/wp\/v2\/categories?post=74901"},{"taxonomy":"post_tag","embeddable":true,"href":"https:\/\/lahora.mx\/index.php\/wp-json\/wp\/v2\/tags?post=74901"}],"curies":[{"name":"wp","href":"https:\/\/api.w.org\/{rel}","templated":true}]}}