{"id":74895,"date":"2026-01-15T16:46:27","date_gmt":"2026-01-15T16:46:27","guid":{"rendered":"https:\/\/lahora.mx\/?p=74895"},"modified":"2026-01-16T04:13:27","modified_gmt":"2026-01-16T04:13:27","slug":"congreso-de-puebla-elige-a-german-reyna-y-herrero-como-titular-de-la-auditoria-superior-del-estado","status":"publish","type":"post","link":"https:\/\/lahora.mx\/index.php\/2026\/01\/15\/congreso-de-puebla-elige-a-german-reyna-y-herrero-como-titular-de-la-auditoria-superior-del-estado\/","title":{"rendered":"Germ\u00e1n Reyna y Herrero nuevo titular de la Auditoria Superior del Estado"},"content":{"rendered":"\n<p>Los diputados del PAN Abandonaron la sesi\u00f3n al considerar que el procedimiento fue inconstitucional<\/p>\n\n\n\n<p>El pleno del Congreso de Puebla, eligi\u00f3 con 32 votos a favor, cinco en contra y una abstenci\u00f3n, el Congreso del Estado eligi\u00f3 a Germ\u00e1n Reyna Y Herrero, como el nuevo titular de la Auditor\u00eda Superior del Estado este jueves, tras someterse a votaci\u00f3n la terna previamente avalada en comisiones conformada por Germ\u00e1n Reyna y Herrero, Rom\u00e1n S\u00e1nchez Zamora y Bibiana Gonz\u00e1lez<\/p>\n\n\n\n<figure class=\"wp-block-embed is-type-rich is-provider-twitter wp-block-embed-twitter\"><div class=\"wp-block-embed__wrapper\">\n<blockquote class=\"twitter-tweet\" data-width=\"550\" data-dnt=\"true\"><p lang=\"es\" dir=\"ltr\"><a href=\"https:\/\/twitter.com\/hashtag\/ULTIMAHORA?src=hash&amp;ref_src=twsrc%5Etfw\">#ULTIMAHORA<\/a> Diputados del Congreso de Puebla <a href=\"https:\/\/twitter.com\/CongresoPue?ref_src=twsrc%5Etfw\">@CongresoPue<\/a> eligen a Germ\u00e1n Reyna y Herrero, como nuevo titular de la ASE <a href=\"https:\/\/twitter.com\/AsePuebla?ref_src=twsrc%5Etfw\">@AsePuebla<\/a> por un periodo de 7 a\u00f1os <br><br>Sin embargo, diputados de oposici\u00f3n, salieron de la sesi\u00f3n acusando presunta inconstitucionalidad en la sesi\u00f3n. <a href=\"https:\/\/t.co\/VfRSC2jpCg\">pic.twitter.com\/VfRSC2jpCg<\/a><\/p>&mdash; La Hora (@LaHoraMX) <a href=\"https:\/\/twitter.com\/LaHoraMX\/status\/2011839134956949920?ref_src=twsrc%5Etfw\">January 15, 2026<\/a><\/blockquote><script async src=\"https:\/\/platform.twitter.com\/widgets.js\" charset=\"utf-8\"><\/script>\n<\/div><\/figure>\n\n\n\n<p><strong>Germ\u00e1n Reyna y Herrer<\/strong>o fue electo como<strong> Auditor del \u00f3rgano t\u00e9cnico encargado de la fiscalizaci\u00f3n de los recursos p\u00fablicos por un periodo de 7 a\u00f1os<\/strong><\/p>\n\n\n\n<p>El Grupo Parlamentario del PAN vot\u00f3 en contra, al argumentar que el proceso para integrar la terna no fue el adecuado y que redujo la deliberaci\u00f3n parlamentaria. <\/p>\n\n\n\n<p>El legislador panista, Marcos Castro, se\u00f1al\u00f3 desde la tribuna, que el procedimiento no permiti\u00f3 una discusi\u00f3n amplia sobre los perfiles, por lo que su grupo decidi\u00f3 no acompa\u00f1ar la designaci\u00f3n y votar en contra<\/p>\n","protected":false},"excerpt":{"rendered":"<p>Los diputados del PAN Abandonaron la sesi\u00f3n al considerar que el procedimiento fue inconstitucional El pleno del Congreso de Puebla, eligi\u00f3 con 32 votos a favor, cinco en contra y una abstenci\u00f3n, el Congreso del Estado eligi\u00f3 a Germ\u00e1n Reyna Y Herrero, como el nuevo titular de la Auditor\u00eda Superior del Estado este jueves, tras [&hellip;]<\/p>\n","protected":false},"author":1,"featured_media":74896,"comment_status":"open","ping_status":"open","sticky":false,"template":"","format":"standard","meta":{"om_disable_all_campaigns":false,"_monsterinsights_skip_tracking":false,"_monsterinsights_sitenote_active":false,"_monsterinsights_sitenote_note":"","_monsterinsights_sitenote_category":0,"footnotes":""},"categories":[175],"tags":[227,195,223],"class_list":["post-74895","post","type-post","status-publish","format-standard","has-post-thumbnail","hentry","category-local","tag-congreso","tag-principal","tag-puebla"],"amp_enabled":true,"_links":{"self":[{"href":"https:\/\/lahora.mx\/index.php\/wp-json\/wp\/v2\/posts\/74895","targetHints":{"allow":["GET"]}}],"collection":[{"href":"https:\/\/lahora.mx\/index.php\/wp-json\/wp\/v2\/posts"}],"about":[{"href":"https:\/\/lahora.mx\/index.php\/wp-json\/wp\/v2\/types\/post"}],"author":[{"embeddable":true,"href":"https:\/\/lahora.mx\/index.php\/wp-json\/wp\/v2\/users\/1"}],"replies":[{"embeddable":true,"href":"https:\/\/lahora.mx\/index.php\/wp-json\/wp\/v2\/comments?post=74895"}],"version-history":[{"count":2,"href":"https:\/\/lahora.mx\/index.php\/wp-json\/wp\/v2\/posts\/74895\/revisions"}],"predecessor-version":[{"id":74946,"href":"https:\/\/lahora.mx\/index.php\/wp-json\/wp\/v2\/posts\/74895\/revisions\/74946"}],"wp:featuredmedia":[{"embeddable":true,"href":"https:\/\/lahora.mx\/index.php\/wp-json\/wp\/v2\/media\/74896"}],"wp:attachment":[{"href":"https:\/\/lahora.mx\/index.php\/wp-json\/wp\/v2\/media?parent=74895"}],"wp:term":[{"taxonomy":"category","embeddable":true,"href":"https:\/\/lahora.mx\/index.php\/wp-json\/wp\/v2\/categories?post=74895"},{"taxonomy":"post_tag","embeddable":true,"href":"https:\/\/lahora.mx\/index.php\/wp-json\/wp\/v2\/tags?post=74895"}],"curies":[{"name":"wp","href":"https:\/\/api.w.org\/{rel}","templated":true}]}}