{"id":74890,"date":"2026-01-15T15:13:20","date_gmt":"2026-01-15T15:13:20","guid":{"rendered":"https:\/\/lahora.mx\/?p=74890"},"modified":"2026-01-15T15:13:21","modified_gmt":"2026-01-15T15:13:21","slug":"mananera-anuncian-pilgrims-inversion-de-1300-millones-de-dolares-en-mexico","status":"publish","type":"post","link":"https:\/\/lahora.mx\/index.php\/2026\/01\/15\/mananera-anuncian-pilgrims-inversion-de-1300-millones-de-dolares-en-mexico\/","title":{"rendered":"MA\u00d1ANERA Anuncian Pilgrim\u2019s inversi\u00f3n de 1,300 millones de d\u00f3lares en M\u00e9xico"},"content":{"rendered":"\n<p>Durante la conferencia de prensa encabezada por la presidenta Claudia Sheinbaum este 15 de enero de 2026, el secretario de Econom\u00eda, Marcelo Ebrard, anunci\u00f3 una inversi\u00f3n de mil 300 millones de d\u00f3lares por parte de la empresa brasile\u00f1a Pilgrim\u2019s M\u00e9xico, dedicada a la producci\u00f3n de alimentos derivados del pollo.<\/p>\n\n\n\n<p>Ebrard destac\u00f3 que esta inversi\u00f3n tendr\u00e1 un impacto significativo en la generaci\u00f3n de empleo y la seguridad alimentaria del pa\u00eds, al contemplar la creaci\u00f3n de m\u00e1s de 4 mil empleos directos y 16 mil empleos indirectos, as\u00ed como una reducci\u00f3n estimada del 35 por ciento en la importaci\u00f3n de pollo a M\u00e9xico.<br>De acuerdo con lo informado, el proyecto permitir\u00e1 una producci\u00f3n adicional superior a 373 mil toneladas, lo que fortalecer\u00e1 el abasto nacional y la capacidad productiva del sector av\u00edcola.<\/p>\n\n\n\n<p>El secretario de Econom\u00eda subray\u00f3 que esta iniciativa se encuentra alineada con el Plan M\u00e9xico y el Plan de Sustentabilidad Alimentaria, estrategias impulsadas por el nuevo gobierno federal para fortalecer la producci\u00f3n nacional, reducir la dependencia del exterior y garantizar el acceso a alimentos b\u00e1sicos.<\/p>\n","protected":false},"excerpt":{"rendered":"<p>Durante la conferencia de prensa encabezada por la presidenta Claudia Sheinbaum este 15 de enero de 2026, el secretario de Econom\u00eda, Marcelo Ebrard, anunci\u00f3 una inversi\u00f3n de mil 300 millones de d\u00f3lares por parte de la empresa brasile\u00f1a Pilgrim\u2019s M\u00e9xico, dedicada a la producci\u00f3n de alimentos derivados del pollo. Ebrard destac\u00f3 que esta inversi\u00f3n tendr\u00e1 [&hellip;]<\/p>\n","protected":false},"author":1,"featured_media":74891,"comment_status":"open","ping_status":"open","sticky":false,"template":"","format":"standard","meta":{"om_disable_all_campaigns":false,"_monsterinsights_skip_tracking":false,"_monsterinsights_sitenote_active":false,"_monsterinsights_sitenote_note":"","_monsterinsights_sitenote_category":0,"footnotes":""},"categories":[2],"tags":[],"class_list":["post-74890","post","type-post","status-publish","format-standard","has-post-thumbnail","hentry","category-negocios"],"amp_enabled":true,"_links":{"self":[{"href":"https:\/\/lahora.mx\/index.php\/wp-json\/wp\/v2\/posts\/74890","targetHints":{"allow":["GET"]}}],"collection":[{"href":"https:\/\/lahora.mx\/index.php\/wp-json\/wp\/v2\/posts"}],"about":[{"href":"https:\/\/lahora.mx\/index.php\/wp-json\/wp\/v2\/types\/post"}],"author":[{"embeddable":true,"href":"https:\/\/lahora.mx\/index.php\/wp-json\/wp\/v2\/users\/1"}],"replies":[{"embeddable":true,"href":"https:\/\/lahora.mx\/index.php\/wp-json\/wp\/v2\/comments?post=74890"}],"version-history":[{"count":1,"href":"https:\/\/lahora.mx\/index.php\/wp-json\/wp\/v2\/posts\/74890\/revisions"}],"predecessor-version":[{"id":74892,"href":"https:\/\/lahora.mx\/index.php\/wp-json\/wp\/v2\/posts\/74890\/revisions\/74892"}],"wp:featuredmedia":[{"embeddable":true,"href":"https:\/\/lahora.mx\/index.php\/wp-json\/wp\/v2\/media\/74891"}],"wp:attachment":[{"href":"https:\/\/lahora.mx\/index.php\/wp-json\/wp\/v2\/media?parent=74890"}],"wp:term":[{"taxonomy":"category","embeddable":true,"href":"https:\/\/lahora.mx\/index.php\/wp-json\/wp\/v2\/categories?post=74890"},{"taxonomy":"post_tag","embeddable":true,"href":"https:\/\/lahora.mx\/index.php\/wp-json\/wp\/v2\/tags?post=74890"}],"curies":[{"name":"wp","href":"https:\/\/api.w.org\/{rel}","templated":true}]}}