{"id":74855,"date":"2026-01-15T02:11:00","date_gmt":"2026-01-15T02:11:00","guid":{"rendered":"https:\/\/lahora.mx\/?p=74855"},"modified":"2026-01-15T02:11:01","modified_gmt":"2026-01-15T02:11:01","slug":"sindicato-de-prensa-de-venezuela-anuncia-la-liberacion-de-18-periodistas-detenidos-durante-las-protestas-de-2024","status":"publish","type":"post","link":"https:\/\/lahora.mx\/index.php\/2026\/01\/15\/sindicato-de-prensa-de-venezuela-anuncia-la-liberacion-de-18-periodistas-detenidos-durante-las-protestas-de-2024\/","title":{"rendered":"Sindicato de prensa de Venezuela anuncia la liberaci\u00f3n de 18 periodistas detenidos durante las protestas de 2024"},"content":{"rendered":"\n<p>El Sindicato Nacional de Trabajadores de la Prensa (SNTP) anunci\u00f3 la excarcelaci\u00f3n de 18 periodistas y reporteros gr\u00e1ficos que permanec\u00edan detenidos en diversas prisiones del pa\u00eds, en su mayor\u00eda arrestados durante las protestas que siguieron a las elecciones presidenciales del 28 de julio de 2024 .<\/p>\n\n\n\n<p>En un comunicado difundido este mi\u00e9rcoles, el SNTP confirm\u00f3 que entre los liberados se encuentran Julio Balza y Gabriel Gonz\u00e1lez , ambos integrantes del equipo de prensa de la l\u00edder opositora Mar\u00eda Corina Machado , quienes hab\u00edan sido detenidos en enero y junio de 2024, respectivamente.<br>El coordinador nacional del Comit\u00e9 de Derechos Humanos del partido Vente Venezuela , Orlando Moreno , tom\u00f3 la medida y record\u00f3 que los comunicadores pasaron varios meses en prisi\u00f3n por motivos relacionados con su trabajo informativo.<\/p>\n\n\n\n<p>Entre los excarcelados tambi\u00e9n figuran el exreportero de \u00daltimas Noticias Ram\u00f3n Centeno , detenido en febrero de 2022 mientras investigaba presuntas redes de narcotr\u00e1fico; el exdirector del portal digital Punto de Corte , Nicmer Evans ; y el periodista Luis L\u00f3pez , arrestado durante las manifestaciones opositoras.<\/p>\n\n\n\n<p>Asimismo, recuper\u00f3 su libertad Roland Carre\u00f1o , comunicador y dirigente del partido Voluntad Popular ; Rafael Garc\u00eda M\u00e1rvez , presidente de la Asociaci\u00f3n de Columnistas de Carabobo y colaborador del diario El Carabobe\u00f1o ; as\u00ed como Leandro Palmar y Salvador Cubill\u00e1n , periodista y camar\u00f3grafo detenidos en la ciudad de Maracaibo.<\/p>\n\n\n\n<p>La lista se completa con el profesor y periodista Carlos Marcano , V\u00edctor Ugas , Carlos Julio Rojas , y la reportera Nakary Ramos , junto a su pareja, el camar\u00f3grafo Gianni Gonz\u00e1lez , ambos colaboradores del portal Impacto Venezuela .<\/p>\n\n\n\n<p>Inicialmente, el sindicato hab\u00eda reportado la liberaci\u00f3n de 14 trabajadores de la prensa , pero horas m\u00e1s tarde confirm\u00f3 otras cuatro excarcelaciones adicionales : Omario Castellanos , \u00c1ngel Godoy (redactor de Punto de Corte ), Carlos Lesma (director de la emisora \u200b\u200bSe\u00f1al 94.9, en Nueva Esparta) y Mario Ch\u00e1vez Cohen .<\/p>\n\n\n\n<p>El SNTP estimaba que al menos 24 comunicadores y trabajadores del sector permanec\u00edan detenidos de manera \u201cilegal y arbitraria\u201d en c\u00e1rceles venezolanas, por lo que la reciente liberaci\u00f3n representa un avance parcial en la exigencia de garant\u00edas para la libertad de prensa y el ejercicio period\u00edstico en el pa\u00eds.<\/p>\n","protected":false},"excerpt":{"rendered":"<p>El Sindicato Nacional de Trabajadores de la Prensa (SNTP) anunci\u00f3 la excarcelaci\u00f3n de 18 periodistas y reporteros gr\u00e1ficos que permanec\u00edan detenidos en diversas prisiones del pa\u00eds, en su mayor\u00eda arrestados durante las protestas que siguieron a las elecciones presidenciales del 28 de julio de 2024 . En un comunicado difundido este mi\u00e9rcoles, el SNTP confirm\u00f3 [&hellip;]<\/p>\n","protected":false},"author":1,"featured_media":74856,"comment_status":"open","ping_status":"open","sticky":false,"template":"","format":"standard","meta":{"om_disable_all_campaigns":false,"_monsterinsights_skip_tracking":false,"_monsterinsights_sitenote_active":false,"_monsterinsights_sitenote_note":"","_monsterinsights_sitenote_category":0,"footnotes":""},"categories":[183],"tags":[],"class_list":["post-74855","post","type-post","status-publish","format-standard","has-post-thumbnail","hentry","category-internacional"],"amp_enabled":true,"_links":{"self":[{"href":"https:\/\/lahora.mx\/index.php\/wp-json\/wp\/v2\/posts\/74855","targetHints":{"allow":["GET"]}}],"collection":[{"href":"https:\/\/lahora.mx\/index.php\/wp-json\/wp\/v2\/posts"}],"about":[{"href":"https:\/\/lahora.mx\/index.php\/wp-json\/wp\/v2\/types\/post"}],"author":[{"embeddable":true,"href":"https:\/\/lahora.mx\/index.php\/wp-json\/wp\/v2\/users\/1"}],"replies":[{"embeddable":true,"href":"https:\/\/lahora.mx\/index.php\/wp-json\/wp\/v2\/comments?post=74855"}],"version-history":[{"count":1,"href":"https:\/\/lahora.mx\/index.php\/wp-json\/wp\/v2\/posts\/74855\/revisions"}],"predecessor-version":[{"id":74857,"href":"https:\/\/lahora.mx\/index.php\/wp-json\/wp\/v2\/posts\/74855\/revisions\/74857"}],"wp:featuredmedia":[{"embeddable":true,"href":"https:\/\/lahora.mx\/index.php\/wp-json\/wp\/v2\/media\/74856"}],"wp:attachment":[{"href":"https:\/\/lahora.mx\/index.php\/wp-json\/wp\/v2\/media?parent=74855"}],"wp:term":[{"taxonomy":"category","embeddable":true,"href":"https:\/\/lahora.mx\/index.php\/wp-json\/wp\/v2\/categories?post=74855"},{"taxonomy":"post_tag","embeddable":true,"href":"https:\/\/lahora.mx\/index.php\/wp-json\/wp\/v2\/tags?post=74855"}],"curies":[{"name":"wp","href":"https:\/\/api.w.org\/{rel}","templated":true}]}}