{"id":74844,"date":"2026-01-14T23:21:17","date_gmt":"2026-01-14T23:21:17","guid":{"rendered":"https:\/\/lahora.mx\/?p=74844"},"modified":"2026-01-14T23:21:18","modified_gmt":"2026-01-14T23:21:18","slug":"el-papa-leon-xiv-expresa-su-deseo-de-viajar-a-mexico-para-encomendar-su-pontificado-a-la-virgen-de-guadalupe","status":"publish","type":"post","link":"https:\/\/lahora.mx\/index.php\/2026\/01\/14\/el-papa-leon-xiv-expresa-su-deseo-de-viajar-a-mexico-para-encomendar-su-pontificado-a-la-virgen-de-guadalupe\/","title":{"rendered":"El Papa Le\u00f3n XIV expresa su deseo de viajar a M\u00e9xico para encomendar su pontificado a la Virgen de Guadalupe"},"content":{"rendered":"\n<p>El Papa Le\u00f3n XIV expres\u00f3 su deseo de viajar pr\u00f3ximamente a M\u00e9xico para encomendar su pontificado a la Virgen de Guadalupe , durante una audiencia privada sostenida con el Cardenal Carlos Aguiar Retes , Arzobispo Primado de M\u00e9xico.<\/p>\n\n\n\n<p>De acuerdo con un comunicado de la Arquidi\u00f3cesis Primada de M\u00e9xico , el encuentro se celebr\u00f3 este mi\u00e9rcoles en el Vaticano, donde el Pont\u00edfice manifest\u00f3 su gratitud por la labor pastoral que realiza la Iglesia mexicana y celebr\u00f3 los avances del proceso sinodal en la Arquidi\u00f3cesis de la Ciudad de M\u00e9xico.<br>El Cardenal Aguiar Retes present\u00f3 al Santo Padre un informe sobre el trabajo pastoral de sacerdotes, religiosas, laicos y agentes de pastoral que participan en el camino sinodal. En ese contexto, reiter\u00f3 la invitaci\u00f3n para que el Papa visite el pa\u00eds, una propuesta que ya le hab\u00eda transmitido poco despu\u00e9s de su elecci\u00f3n como Sumo Pont\u00edfice.<\/p>\n\n\n\n<p>La Arquidi\u00f3cesis inform\u00f3 que Le\u00f3n XIV agradeci\u00f3 el gesto y expres\u00f3 su intenci\u00f3n de visitar M\u00e9xico \u201cpronto\u201d , con el prop\u00f3sito de encomendar su pontificado a la Virgen de Guadalupe en la Insigne y Nacional Bas\u00edlica de Santa Mar\u00eda de Guadalupe , ubicada en el Tepeyac.<\/p>\n\n\n\n<p>Hasta el momento, no existen fechas oficiales ni itinerario definido , por lo que la posible visita se mantiene en el terreno de los proyectos pastorales del Papa y del deseo manifestado durante el di\u00e1logo con el Arzobispo Primado.<\/p>\n\n\n\n<p>Durante la audiencia, el Pont\u00edfice tambi\u00e9n fue informado sobre la peregrinaci\u00f3n arquidiocesana que se realizar\u00e1 el pr\u00f3ximo 17 de enero a la Bas\u00edlica de Guadalupe, con la cual se abrir\u00e1 el calendario de peregrinaciones de 2026.<\/p>\n\n\n\n<p>Le\u00f3n XIV expres\u00f3 su alegr\u00eda por el inicio de este ciclo de peregrinaciones y alent\u00f3 a los fieles a seguir acudiendo al santuario guadalupano \u201cpara fortalecer su fe y orar por la Iglesia universal\u201d.<\/p>\n\n\n\n<p>El Cardenal Aguiar Retes estuvo acompa\u00f1ado en la audiencia por monse\u00f1or Francisco Javier Acero P\u00e9rez , obispo auxiliar de la Arquidi\u00f3cesis Primada de M\u00e9xico.<\/p>\n","protected":false},"excerpt":{"rendered":"<p>El Papa Le\u00f3n XIV expres\u00f3 su deseo de viajar pr\u00f3ximamente a M\u00e9xico para encomendar su pontificado a la Virgen de Guadalupe , durante una audiencia privada sostenida con el Cardenal Carlos Aguiar Retes , Arzobispo Primado de M\u00e9xico. De acuerdo con un comunicado de la Arquidi\u00f3cesis Primada de M\u00e9xico , el encuentro se celebr\u00f3 este [&hellip;]<\/p>\n","protected":false},"author":1,"featured_media":74845,"comment_status":"open","ping_status":"open","sticky":false,"template":"","format":"standard","meta":{"om_disable_all_campaigns":false,"_monsterinsights_skip_tracking":false,"_monsterinsights_sitenote_active":false,"_monsterinsights_sitenote_note":"","_monsterinsights_sitenote_category":0,"footnotes":""},"categories":[183],"tags":[],"class_list":["post-74844","post","type-post","status-publish","format-standard","has-post-thumbnail","hentry","category-internacional"],"amp_enabled":true,"_links":{"self":[{"href":"https:\/\/lahora.mx\/index.php\/wp-json\/wp\/v2\/posts\/74844","targetHints":{"allow":["GET"]}}],"collection":[{"href":"https:\/\/lahora.mx\/index.php\/wp-json\/wp\/v2\/posts"}],"about":[{"href":"https:\/\/lahora.mx\/index.php\/wp-json\/wp\/v2\/types\/post"}],"author":[{"embeddable":true,"href":"https:\/\/lahora.mx\/index.php\/wp-json\/wp\/v2\/users\/1"}],"replies":[{"embeddable":true,"href":"https:\/\/lahora.mx\/index.php\/wp-json\/wp\/v2\/comments?post=74844"}],"version-history":[{"count":1,"href":"https:\/\/lahora.mx\/index.php\/wp-json\/wp\/v2\/posts\/74844\/revisions"}],"predecessor-version":[{"id":74846,"href":"https:\/\/lahora.mx\/index.php\/wp-json\/wp\/v2\/posts\/74844\/revisions\/74846"}],"wp:featuredmedia":[{"embeddable":true,"href":"https:\/\/lahora.mx\/index.php\/wp-json\/wp\/v2\/media\/74845"}],"wp:attachment":[{"href":"https:\/\/lahora.mx\/index.php\/wp-json\/wp\/v2\/media?parent=74844"}],"wp:term":[{"taxonomy":"category","embeddable":true,"href":"https:\/\/lahora.mx\/index.php\/wp-json\/wp\/v2\/categories?post=74844"},{"taxonomy":"post_tag","embeddable":true,"href":"https:\/\/lahora.mx\/index.php\/wp-json\/wp\/v2\/tags?post=74844"}],"curies":[{"name":"wp","href":"https:\/\/api.w.org\/{rel}","templated":true}]}}