{"id":74838,"date":"2026-01-14T23:18:45","date_gmt":"2026-01-14T23:18:45","guid":{"rendered":"https:\/\/lahora.mx\/?p=74838"},"modified":"2026-01-14T23:18:46","modified_gmt":"2026-01-14T23:18:46","slug":"mujer-discapacitada-es-agredida-y-arrastrada-por-agentes-del-ice-en-minneapolis","status":"publish","type":"post","link":"https:\/\/lahora.mx\/index.php\/2026\/01\/14\/mujer-discapacitada-es-agredida-y-arrastrada-por-agentes-del-ice-en-minneapolis\/","title":{"rendered":"Mujer discapacitada es agredida y arrastrada por agentes del ICE en Minneapolis"},"content":{"rendered":"\n<p>Tras el asesinato de Renee Nicole Good a manos de un agente del Servicio de Inmigraci\u00f3n y Control de Aduanas (ICE) en Minneapolis, se dio otra confrontaci\u00f3n entre agentes y una mujer.<\/p>\n\n\n\n<p>A trav\u00e9s de videos en redes sociales se dio a conocer que una mujer no identificada fue sacada por la fuerza de su autom\u00f3vil entre gritos, mientras manifestantes rodean la escena.<br>Agentes enmascarados discuten con la mujer y en medio de la discusi\u00f3n, dos hombres meten las manos por la ventanilla hasta que uno logra abrir la puerta y arrastrar a la mujer al suelo.<\/p>\n\n\n\n<p>\u201cYa me han golpeado polic\u00edas\u201d, grita la mujer mientras es arrastrada al centro del forcejeo. \u201cTengo una discapacidad, intento ir al m\u00e9dico, por eso no pude moverme. Soy una persona autista con discapacidad, intento ir al m\u00e9dico\u201d.<\/p>\n\n\n\n<p>Contin\u00faa la agresi\u00f3n mientras los transe\u00fantes gritan y les piden que la dejen en paz. Uno de ellos les grita: \u201c\u00bfD\u00f3nde est\u00e1 su humanidad?\u201d, mientras otra persona exclama: \u201cEsto est\u00e1 muy mal\u201d, y alguien m\u00e1s a\u00f1ade: \u201cLo \u00fanico que hacen es lastimar\u201d.<\/p>\n\n\n\n<p>Durante el enfrentamiento, los agentes tambi\u00e9n utilizaron gases lacrim\u00f3genos, granadas aturdidoras y proyectiles de pimienta contra los manifestantes. El incidente tuvo lugar en la esquina de la calle 34 y Park.<\/p>\n\n\n\n<p>En este sentido, un portavoz del Departamento de Seguridad Nacional declar\u00f3 a The Independent que los agentes de ICE se encontraban en la zona para ejecutar una orden de arresto contra un joven ecuatoriano de 20 a\u00f1os, quien, seg\u00fan informaron, ingres\u00f3 de forma irregular a Estados Unidos en 2019<\/p>\n\n\n\n<p>Adem\u00e1s, asegur\u00f3 que \u201cuna agitadora ignor\u00f3 m\u00faltiples \u00f3rdenes de un agente para retirar su veh\u00edculo del lugar y fue arrestada por obstrucci\u00f3n\u201d y agreg\u00f3 que \u201cotro agitador agredi\u00f3 a un agente al saltar sobre su espalda\u201d. En total, \u201cseis de estas personas fueron detenidas por agredir a las fuerzas del orden\u201d, precis\u00f3.<\/p>\n","protected":false},"excerpt":{"rendered":"<p>Tras el asesinato de Renee Nicole Good a manos de un agente del Servicio de Inmigraci\u00f3n y Control de Aduanas (ICE) en Minneapolis, se dio otra confrontaci\u00f3n entre agentes y una mujer. A trav\u00e9s de videos en redes sociales se dio a conocer que una mujer no identificada fue sacada por la fuerza de su [&hellip;]<\/p>\n","protected":false},"author":1,"featured_media":74839,"comment_status":"open","ping_status":"open","sticky":false,"template":"","format":"standard","meta":{"om_disable_all_campaigns":false,"_monsterinsights_skip_tracking":false,"_monsterinsights_sitenote_active":false,"_monsterinsights_sitenote_note":"","_monsterinsights_sitenote_category":0,"footnotes":""},"categories":[183],"tags":[],"class_list":["post-74838","post","type-post","status-publish","format-standard","has-post-thumbnail","hentry","category-internacional"],"amp_enabled":true,"_links":{"self":[{"href":"https:\/\/lahora.mx\/index.php\/wp-json\/wp\/v2\/posts\/74838","targetHints":{"allow":["GET"]}}],"collection":[{"href":"https:\/\/lahora.mx\/index.php\/wp-json\/wp\/v2\/posts"}],"about":[{"href":"https:\/\/lahora.mx\/index.php\/wp-json\/wp\/v2\/types\/post"}],"author":[{"embeddable":true,"href":"https:\/\/lahora.mx\/index.php\/wp-json\/wp\/v2\/users\/1"}],"replies":[{"embeddable":true,"href":"https:\/\/lahora.mx\/index.php\/wp-json\/wp\/v2\/comments?post=74838"}],"version-history":[{"count":1,"href":"https:\/\/lahora.mx\/index.php\/wp-json\/wp\/v2\/posts\/74838\/revisions"}],"predecessor-version":[{"id":74840,"href":"https:\/\/lahora.mx\/index.php\/wp-json\/wp\/v2\/posts\/74838\/revisions\/74840"}],"wp:featuredmedia":[{"embeddable":true,"href":"https:\/\/lahora.mx\/index.php\/wp-json\/wp\/v2\/media\/74839"}],"wp:attachment":[{"href":"https:\/\/lahora.mx\/index.php\/wp-json\/wp\/v2\/media?parent=74838"}],"wp:term":[{"taxonomy":"category","embeddable":true,"href":"https:\/\/lahora.mx\/index.php\/wp-json\/wp\/v2\/categories?post=74838"},{"taxonomy":"post_tag","embeddable":true,"href":"https:\/\/lahora.mx\/index.php\/wp-json\/wp\/v2\/tags?post=74838"}],"curies":[{"name":"wp","href":"https:\/\/api.w.org\/{rel}","templated":true}]}}