{"id":74791,"date":"2026-01-14T19:17:30","date_gmt":"2026-01-14T19:17:30","guid":{"rendered":"https:\/\/lahora.mx\/?p=74791"},"modified":"2026-01-14T19:17:31","modified_gmt":"2026-01-14T19:17:31","slug":"estados-unidos-frena-tramites-de-visa-a-ciudadanos-de-75-de-paises","status":"publish","type":"post","link":"https:\/\/lahora.mx\/index.php\/2026\/01\/14\/estados-unidos-frena-tramites-de-visa-a-ciudadanos-de-75-de-paises\/","title":{"rendered":"Estados Unidos frena tr\u00e1mites de visa a ciudadanos de 75 de pa\u00edses"},"content":{"rendered":"\n<p>El gobierno de Estados Unidos, encabezado por el presidente Donald Trump, suspendi\u00f3 de manera temporal el procesamiento de visas para solicitantes provenientes de 75 pa\u00edses, como parte de su endurecida pol\u00edtica migratoria, confirm\u00f3 un portavoz del Departamento de Estado.<\/p>\n\n\n\n<p>De acuerdo con reportes difundidos por medios estadounidenses, la medida entrar\u00e1 en vigor a partir del 21 de enero, aunque las autoridades no precisaron cu\u00e1nto tiempo permanecer\u00e1 vigente. La instrucci\u00f3n fue enviada a embajadas y consulados, a los que se les orden\u00f3 rechazar solicitudes de visa conforme a la legislaci\u00f3n actual mientras se realiza una revisi\u00f3n interna de los procedimientos.<br>Entre las naciones afectadas se encuentran Cuba, Hait\u00ed, Guatemala, Colombia, Brasil, Nicaragua y Uruguay, adem\u00e1s de pa\u00edses como Rusia, Ir\u00e1n, Afganist\u00e1n, Pakist\u00e1n y Tailandia. En la lista no aparece M\u00e9xico.<\/p>\n\n\n\n<p>Esta decisi\u00f3n se da en el contexto de la ofensiva migratoria impulsada por Trump desde su regreso a la presidencia. Cabe recordar que en noviembre pasado el mandatario ya hab\u00eda adelantado su intenci\u00f3n de frenar la migraci\u00f3n desde pa\u00edses en desarrollo, tras un ataque armado cerca de la Casa Blanca perpetrado por un ciudadano afgano.<\/p>\n\n\n\n<p>Hasta el momento, el Departamento de Estado no ha ofrecido mayores detalles sobre el alcance ni la duraci\u00f3n de la suspensi\u00f3n.<\/p>\n","protected":false},"excerpt":{"rendered":"<p>El gobierno de Estados Unidos, encabezado por el presidente Donald Trump, suspendi\u00f3 de manera temporal el procesamiento de visas para solicitantes provenientes de 75 pa\u00edses, como parte de su endurecida pol\u00edtica migratoria, confirm\u00f3 un portavoz del Departamento de Estado. De acuerdo con reportes difundidos por medios estadounidenses, la medida entrar\u00e1 en vigor a partir del [&hellip;]<\/p>\n","protected":false},"author":1,"featured_media":74792,"comment_status":"open","ping_status":"open","sticky":false,"template":"","format":"standard","meta":{"om_disable_all_campaigns":false,"_monsterinsights_skip_tracking":false,"_monsterinsights_sitenote_active":false,"_monsterinsights_sitenote_note":"","_monsterinsights_sitenote_category":0,"footnotes":""},"categories":[183],"tags":[],"class_list":["post-74791","post","type-post","status-publish","format-standard","has-post-thumbnail","hentry","category-internacional"],"amp_enabled":true,"_links":{"self":[{"href":"https:\/\/lahora.mx\/index.php\/wp-json\/wp\/v2\/posts\/74791","targetHints":{"allow":["GET"]}}],"collection":[{"href":"https:\/\/lahora.mx\/index.php\/wp-json\/wp\/v2\/posts"}],"about":[{"href":"https:\/\/lahora.mx\/index.php\/wp-json\/wp\/v2\/types\/post"}],"author":[{"embeddable":true,"href":"https:\/\/lahora.mx\/index.php\/wp-json\/wp\/v2\/users\/1"}],"replies":[{"embeddable":true,"href":"https:\/\/lahora.mx\/index.php\/wp-json\/wp\/v2\/comments?post=74791"}],"version-history":[{"count":1,"href":"https:\/\/lahora.mx\/index.php\/wp-json\/wp\/v2\/posts\/74791\/revisions"}],"predecessor-version":[{"id":74793,"href":"https:\/\/lahora.mx\/index.php\/wp-json\/wp\/v2\/posts\/74791\/revisions\/74793"}],"wp:featuredmedia":[{"embeddable":true,"href":"https:\/\/lahora.mx\/index.php\/wp-json\/wp\/v2\/media\/74792"}],"wp:attachment":[{"href":"https:\/\/lahora.mx\/index.php\/wp-json\/wp\/v2\/media?parent=74791"}],"wp:term":[{"taxonomy":"category","embeddable":true,"href":"https:\/\/lahora.mx\/index.php\/wp-json\/wp\/v2\/categories?post=74791"},{"taxonomy":"post_tag","embeddable":true,"href":"https:\/\/lahora.mx\/index.php\/wp-json\/wp\/v2\/tags?post=74791"}],"curies":[{"name":"wp","href":"https:\/\/api.w.org\/{rel}","templated":true}]}}