{"id":7476,"date":"2022-05-29T16:51:35","date_gmt":"2022-05-29T16:51:35","guid":{"rendered":"http:\/\/lahora.mx\/?p=7476"},"modified":"2022-05-29T16:51:36","modified_gmt":"2022-05-29T16:51:36","slug":"pelea-en-un-restaurante-de-texmelucan-deja-un-herido","status":"publish","type":"post","link":"https:\/\/lahora.mx\/index.php\/2022\/05\/29\/pelea-en-un-restaurante-de-texmelucan-deja-un-herido\/","title":{"rendered":"Pelea en un restaurante de Texmelucan deja un Herido"},"content":{"rendered":"\n<p>Una persona result\u00f3&nbsp;<strong>lesionada al interior de un negocio<\/strong>, luego de que una discusi\u00f3n entre comensales se sali\u00f3 de control, por lo que al lugar arribaron param\u00e9dicos para hacer el traslado a un&nbsp;<strong>hospital de la ciudad.<\/strong><\/p>\n\n\n\n<p>La noche del s\u00e1bado se\u00a0<strong>solicit\u00f3 el apoyo v\u00eda 9-1-1<\/strong>\u00a0para que arribaran los polic\u00edas municipales debido a que hab\u00eda un sujeto con un arma de fuego al interior de un restaurante en la colonia Ojo de Agua de la ciudad de\u00a0<strong>San Mart\u00edn Texmelucan.<\/strong><\/p>\n\n\n\n<p>En este sentido,&nbsp;<strong>arribaron param\u00e9dicos de la Cruz Roja&nbsp;<\/strong>de San Mart\u00edn Texmelucan, quienes le brindaron los primeros auxilios a un masculino quien present\u00f3 una lesi\u00f3n en la pierna, por lo que inmediatamente fue trasladado a un hospital de la ciudad texmeluquense.<\/p>\n\n\n\n<p>Cabe destacar que cuando llegaron los polic\u00edas municipales, ya no estaba el agresor, debido a que huy\u00f3, tras hacer las detonaciones de armas de fuego; Por lo que, seran los&nbsp;<strong>agentes de investigaci\u00f3n&nbsp;<\/strong>quienes realicen la investigaci\u00f3n para dar con el responsable.<\/p>\n","protected":false},"excerpt":{"rendered":"<p>Una persona result\u00f3&nbsp;lesionada al interior de un negocio, luego de que una discusi\u00f3n entre comensales se sali\u00f3 de control, por lo que al lugar arribaron param\u00e9dicos para hacer el traslado a un&nbsp;hospital de la ciudad. La noche del s\u00e1bado se\u00a0solicit\u00f3 el apoyo v\u00eda 9-1-1\u00a0para que arribaran los polic\u00edas municipales debido a que hab\u00eda un sujeto [&hellip;]<\/p>\n","protected":false},"author":4,"featured_media":7477,"comment_status":"open","ping_status":"open","sticky":false,"template":"","format":"standard","meta":{"om_disable_all_campaigns":false,"_monsterinsights_skip_tracking":false,"_monsterinsights_sitenote_active":false,"_monsterinsights_sitenote_note":"","_monsterinsights_sitenote_category":0,"footnotes":""},"categories":[175],"tags":[],"class_list":["post-7476","post","type-post","status-publish","format-standard","has-post-thumbnail","hentry","category-local"],"amp_enabled":true,"_links":{"self":[{"href":"https:\/\/lahora.mx\/index.php\/wp-json\/wp\/v2\/posts\/7476","targetHints":{"allow":["GET"]}}],"collection":[{"href":"https:\/\/lahora.mx\/index.php\/wp-json\/wp\/v2\/posts"}],"about":[{"href":"https:\/\/lahora.mx\/index.php\/wp-json\/wp\/v2\/types\/post"}],"author":[{"embeddable":true,"href":"https:\/\/lahora.mx\/index.php\/wp-json\/wp\/v2\/users\/4"}],"replies":[{"embeddable":true,"href":"https:\/\/lahora.mx\/index.php\/wp-json\/wp\/v2\/comments?post=7476"}],"version-history":[{"count":1,"href":"https:\/\/lahora.mx\/index.php\/wp-json\/wp\/v2\/posts\/7476\/revisions"}],"predecessor-version":[{"id":7478,"href":"https:\/\/lahora.mx\/index.php\/wp-json\/wp\/v2\/posts\/7476\/revisions\/7478"}],"wp:featuredmedia":[{"embeddable":true,"href":"https:\/\/lahora.mx\/index.php\/wp-json\/wp\/v2\/media\/7477"}],"wp:attachment":[{"href":"https:\/\/lahora.mx\/index.php\/wp-json\/wp\/v2\/media?parent=7476"}],"wp:term":[{"taxonomy":"category","embeddable":true,"href":"https:\/\/lahora.mx\/index.php\/wp-json\/wp\/v2\/categories?post=7476"},{"taxonomy":"post_tag","embeddable":true,"href":"https:\/\/lahora.mx\/index.php\/wp-json\/wp\/v2\/tags?post=7476"}],"curies":[{"name":"wp","href":"https:\/\/api.w.org\/{rel}","templated":true}]}}