{"id":7473,"date":"2022-05-29T16:47:06","date_gmt":"2022-05-29T16:47:06","guid":{"rendered":"http:\/\/lahora.mx\/?p=7473"},"modified":"2022-05-29T16:47:06","modified_gmt":"2022-05-29T16:47:06","slug":"huracan-agatha-se-intensifica-se-espera-un-oleaje-de-4-a-6-metros-de-altura-en-guerrero","status":"publish","type":"post","link":"https:\/\/lahora.mx\/index.php\/2022\/05\/29\/huracan-agatha-se-intensifica-se-espera-un-oleaje-de-4-a-6-metros-de-altura-en-guerrero\/","title":{"rendered":"Hurac\u00e1n Agatha, se intensifica; se espera un oleaje de 4 a 6 metros de altura\u00a0en Guerrero"},"content":{"rendered":"\n<p>Luego de que la<strong>\u00a0tormenta tropical Agatha<\/strong>\u00a0se intensific\u00f3 a\u00a0<strong>hurac\u00e1n categor\u00eda 1<\/strong>, las autoridades de Guerrero prev\u00e9n que provocar\u00e1<strong>\u00a0oleaje de 4 a 6 metros de altura.\u00a0<\/strong><\/p>\n\n\n\n<p>De acuerdo con Protecci\u00f3n Civil de Guerrero, el Hurac\u00e1n Agatha\u00a0lleva una trayectoria hacia las costas de Oaxaca, pero se prev\u00e9 que ante su<strong>\u00a0cercan\u00eda a Guerrero<\/strong>, sus efectos provoquen<strong>\u00a0lluvias fuertes y oleaje elevado<\/strong>\u00a0durante las pr\u00f3ximas horas.<\/p>\n\n\n\n<p>Esta ma\u00f1ana, la tormenta tropical Agatha se intensific\u00f3 a hurac\u00e1n categor\u00eda 1 frente a las costas de Oaxaca y Guerrero.<\/p>\n\n\n\n<p>A las 07:00 horas se intensific\u00f3 a hurac\u00e1n aproximadamente a 320 kil\u00f3metros al oeste-suroeste de&nbsp;<strong>Puerto \u00c1ngel,&nbsp;Oaxaca.<\/strong><\/p>\n\n\n\n<p>Se desplaza hacia el nor- noroeste a 6 kil\u00f3metros por hora con vientos m\u00e1ximos sostenidos de 120 km\/h y rachas de 150 km\/h.<\/p>\n\n\n\n<p>Las bandas nubosas de Agatha ocasionar\u00e1n lluvias puntuales intensas en regiones de Chiapas y Oaxaca; muy fuertes&nbsp;en zonas de&nbsp;Guerrero&nbsp;y Tabasco; adem\u00e1s, reforzar\u00e1 la entrada de humedad proveniente del Golfo de M\u00e9xico y el Mar Caribe condici\u00f3n que propiciar\u00e1 lluvias puntuales fuertes en Campeche, Quintana Roo, Veracruz y Yucat\u00e1n.<\/p>\n\n\n\n<p>Asimismo,&nbsp;<strong>se prev\u00e9n vientos fuertes con rachas de 70 a 80 kil\u00f3metros&nbsp;<\/strong>por hora y oleaje de 4 a 6 metros en las costas de Guerrero y Oaxaca, y de 2 a 4 metros en el litoral de Chiapas.<\/p>\n\n\n\n<p>El&nbsp;<strong>Servicio Meteorol\u00f3gico Nacional (SMN)&nbsp;<\/strong>de la Comisi\u00f3n Nacional del Agua (Conagua) en coordinaci\u00f3n con el Centro Nacional de Huracanes, mantiene zona de prevenci\u00f3n por efectos de hurac\u00e1n desde Salina Cruz, hasta Lagunas de Chacahua, Oaxaca; zona de vigilancia por hurac\u00e1n desde Salina Cruz, Oaxaca, hasta Barra de Tonal\u00e1, Chiapas, y zona de prevenci\u00f3n por tormenta tropical desde Lagunas de Chacahua, Oaxaca, hasta Punta Maldonado, Guerrero, y de Salina Cruz, Oaxaca hasta Boca de Pijijiapan, Chiapas.<\/p>\n","protected":false},"excerpt":{"rendered":"<p>Luego de que la\u00a0tormenta tropical Agatha\u00a0se intensific\u00f3 a\u00a0hurac\u00e1n categor\u00eda 1, las autoridades de Guerrero prev\u00e9n que provocar\u00e1\u00a0oleaje de 4 a 6 metros de altura.\u00a0 De acuerdo con Protecci\u00f3n Civil de Guerrero, el Hurac\u00e1n Agatha\u00a0lleva una trayectoria hacia las costas de Oaxaca, pero se prev\u00e9 que ante su\u00a0cercan\u00eda a Guerrero, sus efectos provoquen\u00a0lluvias fuertes y oleaje [&hellip;]<\/p>\n","protected":false},"author":4,"featured_media":7474,"comment_status":"open","ping_status":"open","sticky":false,"template":"","format":"standard","meta":{"om_disable_all_campaigns":false,"_monsterinsights_skip_tracking":false,"_monsterinsights_sitenote_active":false,"_monsterinsights_sitenote_note":"","_monsterinsights_sitenote_category":0,"footnotes":""},"categories":[176],"tags":[195],"class_list":["post-7473","post","type-post","status-publish","format-standard","has-post-thumbnail","hentry","category-nacional","tag-principal"],"amp_enabled":true,"_links":{"self":[{"href":"https:\/\/lahora.mx\/index.php\/wp-json\/wp\/v2\/posts\/7473","targetHints":{"allow":["GET"]}}],"collection":[{"href":"https:\/\/lahora.mx\/index.php\/wp-json\/wp\/v2\/posts"}],"about":[{"href":"https:\/\/lahora.mx\/index.php\/wp-json\/wp\/v2\/types\/post"}],"author":[{"embeddable":true,"href":"https:\/\/lahora.mx\/index.php\/wp-json\/wp\/v2\/users\/4"}],"replies":[{"embeddable":true,"href":"https:\/\/lahora.mx\/index.php\/wp-json\/wp\/v2\/comments?post=7473"}],"version-history":[{"count":1,"href":"https:\/\/lahora.mx\/index.php\/wp-json\/wp\/v2\/posts\/7473\/revisions"}],"predecessor-version":[{"id":7475,"href":"https:\/\/lahora.mx\/index.php\/wp-json\/wp\/v2\/posts\/7473\/revisions\/7475"}],"wp:featuredmedia":[{"embeddable":true,"href":"https:\/\/lahora.mx\/index.php\/wp-json\/wp\/v2\/media\/7474"}],"wp:attachment":[{"href":"https:\/\/lahora.mx\/index.php\/wp-json\/wp\/v2\/media?parent=7473"}],"wp:term":[{"taxonomy":"category","embeddable":true,"href":"https:\/\/lahora.mx\/index.php\/wp-json\/wp\/v2\/categories?post=7473"},{"taxonomy":"post_tag","embeddable":true,"href":"https:\/\/lahora.mx\/index.php\/wp-json\/wp\/v2\/tags?post=7473"}],"curies":[{"name":"wp","href":"https:\/\/api.w.org\/{rel}","templated":true}]}}