{"id":7470,"date":"2022-05-29T16:39:17","date_gmt":"2022-05-29T16:39:17","guid":{"rendered":"http:\/\/lahora.mx\/?p=7470"},"modified":"2022-05-29T16:39:18","modified_gmt":"2022-05-29T16:39:18","slug":"checo-perez-gana-el-gp-de-monaco-y-logra-su-tercera-victoria-en-la-f1","status":"publish","type":"post","link":"https:\/\/lahora.mx\/index.php\/2022\/05\/29\/checo-perez-gana-el-gp-de-monaco-y-logra-su-tercera-victoria-en-la-f1\/","title":{"rendered":"Checo P\u00e9rez gana el GP de M\u00f3naco y logra su tercera victoria en la F1"},"content":{"rendered":"\n<p>Sergio P\u00e9rez ha ganado el\u00a0<strong>Gran Premio de M\u00f3naco<\/strong>. El mexicano fue l\u00edder de la carrera desde la vuelta 22 y termin\u00f3 ah\u00ed, en la punta, donde subir\u00e1 al podio para firmar su tercera victoria en la\u00a0<strong>F\u00f3rmula 1<\/strong>.<br>M\u00f3naco escuchar\u00e1 el\u00a0<strong>Himno Nacional Mexicano<\/strong>, luego de que el tapat\u00edo, con todo y casco homenaje a\u00a0<strong>Pedro Rodr\u00edguez<\/strong>, acabara en primer lugar.<br><\/p>\n\n\n\n<p>El segundo puesto fue para Carlos Sainz (Ferrari) y el tercero para&nbsp;<strong>Max Verstappen<\/strong>&nbsp;de Red Bull.<\/p>\n\n\n\n<p>Pero sin duda, fue una carrera de locura. De inicio, se retras\u00f3 el arranque poco m\u00e1s de una hora por la fuerte lluvia que cay\u00f3 sobre el principado.<\/p>\n\n\n\n<p>Luego, el Safety Car guio las primeras dos vueltas, hasta que sali\u00f3 para que los monoplazas hiciera lo suyo.<br>Cuando el dominio poco despu\u00e9s de 20 vueltas era de Ferrari y el local\u00a0<strong>Charles Leclerc<\/strong>, un error en la Scuder\u00eda italiana permiti\u00f3 al mexicano tomar la punta, misma que no solt\u00f3 desde la vuelta 22.<\/p>\n\n\n\n<p>Incluso una bandera roja en la vuelta 30 se present\u00f3 luego del impactante accidente de&nbsp;<strong>Mick Schumacher<\/strong>, del que el alem\u00e1n sali\u00f3 sano y salvo.<\/p>\n","protected":false},"excerpt":{"rendered":"<p>Sergio P\u00e9rez ha ganado el\u00a0Gran Premio de M\u00f3naco. El mexicano fue l\u00edder de la carrera desde la vuelta 22 y termin\u00f3 ah\u00ed, en la punta, donde subir\u00e1 al podio para firmar su tercera victoria en la\u00a0F\u00f3rmula 1.M\u00f3naco escuchar\u00e1 el\u00a0Himno Nacional Mexicano, luego de que el tapat\u00edo, con todo y casco homenaje a\u00a0Pedro Rodr\u00edguez, acabara en [&hellip;]<\/p>\n","protected":false},"author":4,"featured_media":7471,"comment_status":"open","ping_status":"open","sticky":false,"template":"","format":"standard","meta":{"om_disable_all_campaigns":false,"_monsterinsights_skip_tracking":false,"_monsterinsights_sitenote_active":false,"_monsterinsights_sitenote_note":"","_monsterinsights_sitenote_category":0,"footnotes":""},"categories":[176],"tags":[],"class_list":["post-7470","post","type-post","status-publish","format-standard","has-post-thumbnail","hentry","category-nacional"],"amp_enabled":true,"_links":{"self":[{"href":"https:\/\/lahora.mx\/index.php\/wp-json\/wp\/v2\/posts\/7470","targetHints":{"allow":["GET"]}}],"collection":[{"href":"https:\/\/lahora.mx\/index.php\/wp-json\/wp\/v2\/posts"}],"about":[{"href":"https:\/\/lahora.mx\/index.php\/wp-json\/wp\/v2\/types\/post"}],"author":[{"embeddable":true,"href":"https:\/\/lahora.mx\/index.php\/wp-json\/wp\/v2\/users\/4"}],"replies":[{"embeddable":true,"href":"https:\/\/lahora.mx\/index.php\/wp-json\/wp\/v2\/comments?post=7470"}],"version-history":[{"count":1,"href":"https:\/\/lahora.mx\/index.php\/wp-json\/wp\/v2\/posts\/7470\/revisions"}],"predecessor-version":[{"id":7472,"href":"https:\/\/lahora.mx\/index.php\/wp-json\/wp\/v2\/posts\/7470\/revisions\/7472"}],"wp:featuredmedia":[{"embeddable":true,"href":"https:\/\/lahora.mx\/index.php\/wp-json\/wp\/v2\/media\/7471"}],"wp:attachment":[{"href":"https:\/\/lahora.mx\/index.php\/wp-json\/wp\/v2\/media?parent=7470"}],"wp:term":[{"taxonomy":"category","embeddable":true,"href":"https:\/\/lahora.mx\/index.php\/wp-json\/wp\/v2\/categories?post=7470"},{"taxonomy":"post_tag","embeddable":true,"href":"https:\/\/lahora.mx\/index.php\/wp-json\/wp\/v2\/tags?post=7470"}],"curies":[{"name":"wp","href":"https:\/\/api.w.org\/{rel}","templated":true}]}}