{"id":74661,"date":"2026-01-13T01:33:03","date_gmt":"2026-01-13T01:33:03","guid":{"rendered":"https:\/\/lahora.mx\/?p=74661"},"modified":"2026-01-13T01:33:04","modified_gmt":"2026-01-13T01:33:04","slug":"trump-impone-un-arancel-del-25-a-paises-que-mantienen-relaciones-comerciales-con-iran","status":"publish","type":"post","link":"https:\/\/lahora.mx\/index.php\/2026\/01\/13\/trump-impone-un-arancel-del-25-a-paises-que-mantienen-relaciones-comerciales-con-iran\/","title":{"rendered":"Trump impone un arancel del 25% a pa\u00edses que mantienen relaciones comerciales con Ir\u00e1n"},"content":{"rendered":"\n<p>El presidente de Estados Unidos, Donald Trump , anunci\u00f3 la imposici\u00f3n inmediata de un arancel del 25% a todos los pa\u00edses que mantienen relaciones comerciales con la Rep\u00fablica Isl\u00e1mica de Ir\u00e1n , una medida que busca ejercer presi\u00f3n econ\u00f3mica internacional sobre el gobierno iran\u00ed tras la represi\u00f3n violenta de las protestas internas.<\/p>\n\n\n\n<p>\u201cCon efecto inmediato, cualquier pa\u00eds que est\u00e9 haciendo negocios con la Rep\u00fablica Isl\u00e1mica de Ir\u00e1n pagar\u00e1 una tarifa del 25 % por cualquier y todos los negocios que haga con Estados Unidos\u201d, declar\u00f3 Trump a trav\u00e9s de la red Truth Social.<br>La Casa Blanca confirm\u00f3 el mensaje como una orden ejecutiva de aplicaci\u00f3n inmediata , convirti\u00e9ndose en la primera acci\u00f3n formal de Washington en respuesta a los disturbios ya la escalada de violencia en Ir\u00e1n.<\/p>\n\n\n\n<p>El mandatario justific\u00f3 la medida se\u00f1alando que su administraci\u00f3n \u201cno permanecer\u00e1 indiferente\u201d ante los hechos registrados en el pa\u00eds isl\u00e1mico, donde las autoridades iran\u00edes han utilizado fuerza letal contra manifestantes que exigen un cambio de r\u00e9gimen.<\/p>\n\n\n\n<p>Trump tambi\u00e9n afirm\u00f3 que su gobierno eval\u00faa opciones adicionales , incluidas militares del Pent\u00e1gono , para frenar la represi\u00f3n y presionar pol\u00edticamente a Teher\u00e1n.<\/p>\n\n\n\n<p>\u201cEsta orden es final y concluyente\u201d, agreg\u00f3 el presidente, al referirse al nuevo arancel como parte de una estrategia para \u201cestrangular econ\u00f3micamente\u201d al r\u00e9gimen iran\u00ed y aislarlo del comercio internacional.<\/p>\n\n\n\n<p>Reacciones pol\u00edticas en Washington<br>En el Congreso estadounidense , miembros del Partido Republicano han expresado respaldo a la l\u00ednea dura de Trump. El senador Lindsey Graham , de Carolina del Sur, incluso plante\u00f3 p\u00fablicamente la posibilidad de una acci\u00f3n directa contra el ayatol\u00e1 Al\u00ed Jamenei , l\u00edder supremo de Ir\u00e1n.<\/p>\n\n\n\n<p>Por el contrario, sectores dem\u00f3cratas y analistas internacionales han advertido que una escalada econ\u00f3mica o militar podr\u00eda desestabilizar a\u00fan m\u00e1s Medio Oriente , incrementar los precios globales del petr\u00f3leo y tensar las relaciones con aliados estrat\u00e9gicos de Washington.<\/p>\n\n\n\n<p>Condena internacional y tensi\u00f3n creciente<br>La comunidad internacional ha condenado la represi\u00f3n del gobierno iran\u00ed contra los manifestantes, que en los \u00faltimos d\u00edas ha dejado centenares de muertos, hasta aunque ahora ninguna potencia extranjera ha respaldado una intervenci\u00f3n militar directa .<\/p>\n\n\n\n<p>Trump, quien ya hab\u00eda advertido sobre posibles sanciones m\u00e1s severas si Teher\u00e1n continuaba con su programa nuclear, reiter\u00f3 que su administraci\u00f3n \u201cno dudar\u00e1 en actuar para defender los derechos humanos y la seguridad global\u201d.<\/p>\n\n\n\n<p>Con esta decisi\u00f3n, Washington abre un nuevo frente de presi\u00f3n diplom\u00e1tica y comercial que podr\u00eda redefinir el equilibrio de fuerzas en la regi\u00f3n y profundizar la tensi\u00f3n con aliados que mantienen lazos econ\u00f3micos con Ir\u00e1n.<\/p>\n","protected":false},"excerpt":{"rendered":"<p>El presidente de Estados Unidos, Donald Trump , anunci\u00f3 la imposici\u00f3n inmediata de un arancel del 25% a todos los pa\u00edses que mantienen relaciones comerciales con la Rep\u00fablica Isl\u00e1mica de Ir\u00e1n , una medida que busca ejercer presi\u00f3n econ\u00f3mica internacional sobre el gobierno iran\u00ed tras la represi\u00f3n violenta de las protestas internas. \u201cCon efecto inmediato, [&hellip;]<\/p>\n","protected":false},"author":1,"featured_media":74662,"comment_status":"open","ping_status":"open","sticky":false,"template":"","format":"standard","meta":{"om_disable_all_campaigns":false,"_monsterinsights_skip_tracking":false,"_monsterinsights_sitenote_active":false,"_monsterinsights_sitenote_note":"","_monsterinsights_sitenote_category":0,"footnotes":""},"categories":[183],"tags":[],"class_list":["post-74661","post","type-post","status-publish","format-standard","has-post-thumbnail","hentry","category-internacional"],"amp_enabled":true,"_links":{"self":[{"href":"https:\/\/lahora.mx\/index.php\/wp-json\/wp\/v2\/posts\/74661","targetHints":{"allow":["GET"]}}],"collection":[{"href":"https:\/\/lahora.mx\/index.php\/wp-json\/wp\/v2\/posts"}],"about":[{"href":"https:\/\/lahora.mx\/index.php\/wp-json\/wp\/v2\/types\/post"}],"author":[{"embeddable":true,"href":"https:\/\/lahora.mx\/index.php\/wp-json\/wp\/v2\/users\/1"}],"replies":[{"embeddable":true,"href":"https:\/\/lahora.mx\/index.php\/wp-json\/wp\/v2\/comments?post=74661"}],"version-history":[{"count":1,"href":"https:\/\/lahora.mx\/index.php\/wp-json\/wp\/v2\/posts\/74661\/revisions"}],"predecessor-version":[{"id":74663,"href":"https:\/\/lahora.mx\/index.php\/wp-json\/wp\/v2\/posts\/74661\/revisions\/74663"}],"wp:featuredmedia":[{"embeddable":true,"href":"https:\/\/lahora.mx\/index.php\/wp-json\/wp\/v2\/media\/74662"}],"wp:attachment":[{"href":"https:\/\/lahora.mx\/index.php\/wp-json\/wp\/v2\/media?parent=74661"}],"wp:term":[{"taxonomy":"category","embeddable":true,"href":"https:\/\/lahora.mx\/index.php\/wp-json\/wp\/v2\/categories?post=74661"},{"taxonomy":"post_tag","embeddable":true,"href":"https:\/\/lahora.mx\/index.php\/wp-json\/wp\/v2\/tags?post=74661"}],"curies":[{"name":"wp","href":"https:\/\/api.w.org\/{rel}","templated":true}]}}