{"id":74652,"date":"2026-01-13T01:23:47","date_gmt":"2026-01-13T01:23:47","guid":{"rendered":"https:\/\/lahora.mx\/?p=74652"},"modified":"2026-01-13T01:23:48","modified_gmt":"2026-01-13T01:23:48","slug":"eu-ordena-a-sus-ciudadanos-abandonar-iran-ante-ola-de-protestas-y-represion","status":"publish","type":"post","link":"https:\/\/lahora.mx\/index.php\/2026\/01\/13\/eu-ordena-a-sus-ciudadanos-abandonar-iran-ante-ola-de-protestas-y-represion\/","title":{"rendered":"EU ordena a sus ciudadanos abandonar Ir\u00e1n ante ola de protestas y represi\u00f3n"},"content":{"rendered":"\n<p>El Departamento de Estado de Estados Unidos emiti\u00f3 una alerta de seguridad urgente recomendando a sus ciudadanos abandonar Ir\u00e1n de inmediato , ante la escalada de violencia y represi\u00f3n registrada durante las protestas que sacudieron al pa\u00eds asi\u00e1tico desde principios de enero.<\/p>\n\n\n\n<p>En un comunicado difundido por la Embajada de Estados Unidos , las autoridades advirtieron sobre el incremento de arrestos, heridos y restricciones en la comunicaci\u00f3n , as\u00ed como bloqueos en el acceso a internet y redes m\u00f3viles .<br>\u00abEl gobierno de Ir\u00e1n ha restringido el acceso a las redes m\u00f3viles, fijas y al internet nacional. Varias aerol\u00edneas han cancelado o limitado vuelos hacia y desde Ir\u00e1n, y algunas han suspendido sus servicios hasta el 16 de enero\u00bb, se\u00f1ala el aviso oficial.<\/p>\n\n\n\n<p>La embajada recomend\u00f3 a los ciudadanos estadounidenses mantener un perfil bajo , evitar manifestaciones y, de ser posible, salir del pa\u00eds por tierra hacia Armenia o Turqu\u00eda , considerando los cierres parciales de aeropuertos y carreteras.<\/p>\n\n\n\n<p>Entre las indicaciones m\u00e1s relevantes, el Departamento de Estado pidi\u00f3 a los estadounidenses:<\/p>\n\n\n\n<p>Tenga un plan de salida que no dependa de asistencia oficial .<\/p>\n\n\n\n<p>Buscar refugio seguro y abastecerse de agua, alimentos y medicamentos si no es posible evacuar.<\/p>\n\n\n\n<p>Mantenga comunicaci\u00f3n constante con familiares y reg\u00edstrese en el Programa de Inscripci\u00f3n de Viajeros Inteligentes (STEP) para recibir alertas actualizadas.<\/p>\n\n\n\n<p>Riesgos para personas con doble nacionalidad<br>El comunicado enfatiz\u00f3 que el gobierno iran\u00ed no reconoce la doble nacionalidad , por lo que las personas con ciudadan\u00eda estadounidense e iran\u00ed ser\u00e1n tratadas \u00fanicamente como nacionales iran\u00edes , lo que incrementa el riesgo de detenci\u00f3n o interrogatorio .<\/p>\n\n\n\n<p>\u201cMostrar un pasaporte estadounidense o evidenciar v\u00ednculos con Estados Unidos puede ser motivo suficiente para que las autoridades iran\u00edes detengan a alguien\u201d, advirti\u00f3 la embajada.<\/p>\n\n\n\n<p>Washington record\u00f3 que no mantiene relaciones diplom\u00e1ticas ni consulares con Teher\u00e1n , y que la Embajada de Suiza act\u00faa como potencia protectora de los intereses estadounidenses en territorio iran\u00ed.<\/p>\n\n\n\n<p>Rutas alternativas recomendadas<br>Armenia: Los ciudadanos estadounidenses pueden ingresar con pasaporte v\u00e1lido y permanecer hasta 180 d\u00edas sin visa .<\/p>\n\n\n\n<p>Turqu\u00eda: Quienes viajen con pasaportes estadounidenses deben contactar a la Embajada de Estados Unidos en Ankara para coordinar su ingreso y facilitar datos personales y de pasaporte.<\/p>\n\n\n\n<p>Turkmenist\u00e1n: Se requiere una autorizaci\u00f3n especial del gobierno turcomano , gestionada por la embajada estadounidense en Asjabad.<\/p>\n\n\n\n<p>Azerbaiy\u00e1n: La entrada est\u00e1 restringida durante per\u00edodos de alta tensi\u00f3n , por lo que se recomienda buscar rutas alternativas y evitar desplazarse a Afganist\u00e1n, Irak o la frontera con Pakist\u00e1n .<\/p>\n\n\n\n<p>El Departamento de Estado lament\u00f3 que no puede garantizar la seguridad de sus ciudadanos dentro de Ir\u00e1n, e inst\u00f3 a quienes a\u00fan permanecer\u00e1n en el pa\u00eds a salir tan pronto como sea posible y mantenerse alejados de zonas de conflicto y concentraciones p\u00fablicas .<\/p>\n","protected":false},"excerpt":{"rendered":"<p>El Departamento de Estado de Estados Unidos emiti\u00f3 una alerta de seguridad urgente recomendando a sus ciudadanos abandonar Ir\u00e1n de inmediato , ante la escalada de violencia y represi\u00f3n registrada durante las protestas que sacudieron al pa\u00eds asi\u00e1tico desde principios de enero. En un comunicado difundido por la Embajada de Estados Unidos , las autoridades [&hellip;]<\/p>\n","protected":false},"author":1,"featured_media":74653,"comment_status":"open","ping_status":"open","sticky":false,"template":"","format":"standard","meta":{"om_disable_all_campaigns":false,"_monsterinsights_skip_tracking":false,"_monsterinsights_sitenote_active":false,"_monsterinsights_sitenote_note":"","_monsterinsights_sitenote_category":0,"footnotes":""},"categories":[183],"tags":[],"class_list":["post-74652","post","type-post","status-publish","format-standard","has-post-thumbnail","hentry","category-internacional"],"amp_enabled":true,"_links":{"self":[{"href":"https:\/\/lahora.mx\/index.php\/wp-json\/wp\/v2\/posts\/74652","targetHints":{"allow":["GET"]}}],"collection":[{"href":"https:\/\/lahora.mx\/index.php\/wp-json\/wp\/v2\/posts"}],"about":[{"href":"https:\/\/lahora.mx\/index.php\/wp-json\/wp\/v2\/types\/post"}],"author":[{"embeddable":true,"href":"https:\/\/lahora.mx\/index.php\/wp-json\/wp\/v2\/users\/1"}],"replies":[{"embeddable":true,"href":"https:\/\/lahora.mx\/index.php\/wp-json\/wp\/v2\/comments?post=74652"}],"version-history":[{"count":1,"href":"https:\/\/lahora.mx\/index.php\/wp-json\/wp\/v2\/posts\/74652\/revisions"}],"predecessor-version":[{"id":74654,"href":"https:\/\/lahora.mx\/index.php\/wp-json\/wp\/v2\/posts\/74652\/revisions\/74654"}],"wp:featuredmedia":[{"embeddable":true,"href":"https:\/\/lahora.mx\/index.php\/wp-json\/wp\/v2\/media\/74653"}],"wp:attachment":[{"href":"https:\/\/lahora.mx\/index.php\/wp-json\/wp\/v2\/media?parent=74652"}],"wp:term":[{"taxonomy":"category","embeddable":true,"href":"https:\/\/lahora.mx\/index.php\/wp-json\/wp\/v2\/categories?post=74652"},{"taxonomy":"post_tag","embeddable":true,"href":"https:\/\/lahora.mx\/index.php\/wp-json\/wp\/v2\/tags?post=74652"}],"curies":[{"name":"wp","href":"https:\/\/api.w.org\/{rel}","templated":true}]}}