{"id":74566,"date":"2026-01-11T23:32:29","date_gmt":"2026-01-11T23:32:29","guid":{"rendered":"https:\/\/lahora.mx\/?p=74566"},"modified":"2026-01-11T23:32:29","modified_gmt":"2026-01-11T23:32:29","slug":"sep-anuncia-megapuente-de-4-dias-en-enero-2026","status":"publish","type":"post","link":"https:\/\/lahora.mx\/index.php\/2026\/01\/11\/sep-anuncia-megapuente-de-4-dias-en-enero-2026\/","title":{"rendered":"SEP anuncia megapuente de 4 d\u00edas en enero 2026"},"content":{"rendered":"\n<p>La Secretar\u00eda de Educaci\u00f3n P\u00fablica (SEP) confirm\u00f3 que los estudiantes de nivel b\u00e1sico en M\u00e9xico disfrutar\u00e1n de un megapuente de cuatro d\u00edas consecutivos al cierre de enero de 2026. Esta medida est\u00e1 contemplada en el calendario oficial del ciclo escolar 2025-2026 y beneficiar\u00e1 a miles de familias que podr\u00e1n organizar viajes o aprovechar el descanso extendido para convivir.<\/p>\n\n\n\n<p>El regreso a clases tras las vacaciones invernales ser\u00e1 el lunes 12 de enero de 2026 en k\u00ednder, primaria y secundaria. Sin embargo, las fechas establecidas por la SEP para el megapuente son las siguientes: viernes 30 de enero, suspensi\u00f3n por Consejo T\u00e9cnico Escolar; s\u00e1bado 31 y domingo 1 de febrero, descanso habitual de fin de semana; y lunes 2 de febrero, suspensi\u00f3n en conmemoraci\u00f3n de la Constituci\u00f3n Pol\u00edtica de los Estados Unidos Mexicanos. Asimismo, los alumnos deber\u00e1n regresar a las aulas el martes 3 de febrero.<\/p>\n\n\n\n<p>Familias se preparan para el megapuente escolar<br>Adem\u00e1s del megapuente de enero, el calendario de la SEP tambi\u00e9n contempla otros d\u00edas de descanso durante el ciclo escolar, como el viernes 27 de febrero por Consejo T\u00e9cnico Escolar, el lunes 16 de marzo por descanso obligatorio, y el viernes 13 de marzo por registro de calificaciones. Tambi\u00e9n se incluyen las vacaciones de Semana Santa, del 30 de marzo al 10 de abril, as\u00ed como d\u00edas festivos como el 1 y 5 de mayo, el D\u00eda del Maestro el 15 de mayo y m\u00e1s consejos t\u00e9cnicos en los meses de mayo, junio y julio. Finalmente, los cursos concluir\u00e1n oficialmente el 15 de julio de 2026.<\/p>\n\n\n\n<p>Por su parte, la SEP record\u00f3 que el calendario escolar puede modificarse de manera imprevista por eventualidades naturales u otras circunstancias que pongan en riesgo a la comunidad estudiantil. Por ello, se recomienda a los padres y alumnos mantenerse atentos a los comunicados oficiales de las autoridades educativas federales y estatales.<\/p>\n","protected":false},"excerpt":{"rendered":"<p>La Secretar\u00eda de Educaci\u00f3n P\u00fablica (SEP) confirm\u00f3 que los estudiantes de nivel b\u00e1sico en M\u00e9xico disfrutar\u00e1n de un megapuente de cuatro d\u00edas consecutivos al cierre de enero de 2026. Esta medida est\u00e1 contemplada en el calendario oficial del ciclo escolar 2025-2026 y beneficiar\u00e1 a miles de familias que podr\u00e1n organizar viajes o aprovechar el descanso [&hellip;]<\/p>\n","protected":false},"author":1,"featured_media":74567,"comment_status":"open","ping_status":"open","sticky":false,"template":"","format":"standard","meta":{"om_disable_all_campaigns":false,"_monsterinsights_skip_tracking":false,"_monsterinsights_sitenote_active":false,"_monsterinsights_sitenote_note":"","_monsterinsights_sitenote_category":0,"footnotes":""},"categories":[175],"tags":[195,223],"class_list":["post-74566","post","type-post","status-publish","format-standard","has-post-thumbnail","hentry","category-local","tag-principal","tag-puebla"],"amp_enabled":true,"_links":{"self":[{"href":"https:\/\/lahora.mx\/index.php\/wp-json\/wp\/v2\/posts\/74566","targetHints":{"allow":["GET"]}}],"collection":[{"href":"https:\/\/lahora.mx\/index.php\/wp-json\/wp\/v2\/posts"}],"about":[{"href":"https:\/\/lahora.mx\/index.php\/wp-json\/wp\/v2\/types\/post"}],"author":[{"embeddable":true,"href":"https:\/\/lahora.mx\/index.php\/wp-json\/wp\/v2\/users\/1"}],"replies":[{"embeddable":true,"href":"https:\/\/lahora.mx\/index.php\/wp-json\/wp\/v2\/comments?post=74566"}],"version-history":[{"count":1,"href":"https:\/\/lahora.mx\/index.php\/wp-json\/wp\/v2\/posts\/74566\/revisions"}],"predecessor-version":[{"id":74568,"href":"https:\/\/lahora.mx\/index.php\/wp-json\/wp\/v2\/posts\/74566\/revisions\/74568"}],"wp:featuredmedia":[{"embeddable":true,"href":"https:\/\/lahora.mx\/index.php\/wp-json\/wp\/v2\/media\/74567"}],"wp:attachment":[{"href":"https:\/\/lahora.mx\/index.php\/wp-json\/wp\/v2\/media?parent=74566"}],"wp:term":[{"taxonomy":"category","embeddable":true,"href":"https:\/\/lahora.mx\/index.php\/wp-json\/wp\/v2\/categories?post=74566"},{"taxonomy":"post_tag","embeddable":true,"href":"https:\/\/lahora.mx\/index.php\/wp-json\/wp\/v2\/tags?post=74566"}],"curies":[{"name":"wp","href":"https:\/\/api.w.org\/{rel}","templated":true}]}}