{"id":74563,"date":"2026-01-11T23:09:25","date_gmt":"2026-01-11T23:09:25","guid":{"rendered":"https:\/\/lahora.mx\/?p=74563"},"modified":"2026-01-11T23:09:26","modified_gmt":"2026-01-11T23:09:26","slug":"la-fge-confirmo-que-andrea-dominguez-ya-esta-con-su-familia-en-cuautlancingo","status":"publish","type":"post","link":"https:\/\/lahora.mx\/index.php\/2026\/01\/11\/la-fge-confirmo-que-andrea-dominguez-ya-esta-con-su-familia-en-cuautlancingo\/","title":{"rendered":"La FGE confirm\u00f3 que Andrea Dom\u00ednguez ya est\u00e1 con su familia en Cuautlancingo"},"content":{"rendered":"\n<p>La Fiscal\u00eda General del Estado, a trav\u00e9s de un comunicado, inform\u00f3 que la adolescente Andrea Dom\u00ednguez, reportada como desaparecida desde el pasado 9 de enero, ya est\u00e1 con su familia.<\/p>\n\n\n\n<p>El 9 de enero, fue denunciada su desaparici\u00f3n, por lo que se activ\u00f3 el protocolo ALBA, a trav\u00e9s del cual se iniciaron acciones de coordinaci\u00f3n con las autoridades federales, estatales y municipales con la finalidad de localizarla.<br>Se recabaron entrevistas, informaci\u00f3n telef\u00f3nica, videograbaciones y recorridos con apoyo de instancias como la Comisi\u00f3n de B\u00fasqueda de personas y autoridades de los tres niveles de gobierno.<\/p>\n\n\n\n<p>Derivado de estas acciones, Andrea, regres\u00f3 a su domicilio durante las primeras horas de este d\u00eda.<\/p>\n\n\n\n<p>Se encuentra en buen estado de salud y ya reunida con su familia.<\/p>\n","protected":false},"excerpt":{"rendered":"<p>La Fiscal\u00eda General del Estado, a trav\u00e9s de un comunicado, inform\u00f3 que la adolescente Andrea Dom\u00ednguez, reportada como desaparecida desde el pasado 9 de enero, ya est\u00e1 con su familia. El 9 de enero, fue denunciada su desaparici\u00f3n, por lo que se activ\u00f3 el protocolo ALBA, a trav\u00e9s del cual se iniciaron acciones de coordinaci\u00f3n [&hellip;]<\/p>\n","protected":false},"author":1,"featured_media":74564,"comment_status":"open","ping_status":"open","sticky":false,"template":"","format":"standard","meta":{"om_disable_all_campaigns":false,"_monsterinsights_skip_tracking":false,"_monsterinsights_sitenote_active":false,"_monsterinsights_sitenote_note":"","_monsterinsights_sitenote_category":0,"footnotes":""},"categories":[175,226],"tags":[],"class_list":["post-74563","post","type-post","status-publish","format-standard","has-post-thumbnail","hentry","category-local","category-policia"],"amp_enabled":true,"_links":{"self":[{"href":"https:\/\/lahora.mx\/index.php\/wp-json\/wp\/v2\/posts\/74563","targetHints":{"allow":["GET"]}}],"collection":[{"href":"https:\/\/lahora.mx\/index.php\/wp-json\/wp\/v2\/posts"}],"about":[{"href":"https:\/\/lahora.mx\/index.php\/wp-json\/wp\/v2\/types\/post"}],"author":[{"embeddable":true,"href":"https:\/\/lahora.mx\/index.php\/wp-json\/wp\/v2\/users\/1"}],"replies":[{"embeddable":true,"href":"https:\/\/lahora.mx\/index.php\/wp-json\/wp\/v2\/comments?post=74563"}],"version-history":[{"count":1,"href":"https:\/\/lahora.mx\/index.php\/wp-json\/wp\/v2\/posts\/74563\/revisions"}],"predecessor-version":[{"id":74565,"href":"https:\/\/lahora.mx\/index.php\/wp-json\/wp\/v2\/posts\/74563\/revisions\/74565"}],"wp:featuredmedia":[{"embeddable":true,"href":"https:\/\/lahora.mx\/index.php\/wp-json\/wp\/v2\/media\/74564"}],"wp:attachment":[{"href":"https:\/\/lahora.mx\/index.php\/wp-json\/wp\/v2\/media?parent=74563"}],"wp:term":[{"taxonomy":"category","embeddable":true,"href":"https:\/\/lahora.mx\/index.php\/wp-json\/wp\/v2\/categories?post=74563"},{"taxonomy":"post_tag","embeddable":true,"href":"https:\/\/lahora.mx\/index.php\/wp-json\/wp\/v2\/tags?post=74563"}],"curies":[{"name":"wp","href":"https:\/\/api.w.org\/{rel}","templated":true}]}}