{"id":7456,"date":"2022-05-29T15:09:45","date_gmt":"2022-05-29T15:09:45","guid":{"rendered":"http:\/\/lahora.mx\/?p=7456"},"modified":"2022-05-29T15:09:45","modified_gmt":"2022-05-29T15:09:45","slug":"sandra-elizabeth-portillo-es-hallada-muerta","status":"publish","type":"post","link":"https:\/\/lahora.mx\/index.php\/2022\/05\/29\/sandra-elizabeth-portillo-es-hallada-muerta\/","title":{"rendered":"Sandra Elizabeth Portillo es hallada muerta"},"content":{"rendered":"\n<p>La&nbsp;<strong>mujer<\/strong>&nbsp;que anoce fue hallada sin vida en&nbsp;<strong>una cisterna de San Mateo Mendiz\u00e1bal<\/strong>, Amozoc s\u00ed es&nbsp;<strong>Sandra Elizabeth P\u00e9rez Portillo<\/strong>, la joven de&nbsp;<strong>32 a\u00f1os de edad<\/strong>&nbsp;secuestrada desde el pasado&nbsp;<strong>27 de abril<\/strong>&nbsp;en&nbsp;<strong>San Salvador Chachapa<\/strong>, junta auxiliar del mismo municipio.<\/p>\n\n\n\n<p>El cuerpo de Sandra&nbsp;<strong>fue emplayado<\/strong>&nbsp;antes de ser&nbsp;<strong>arrojado a la cisterna<\/strong>&nbsp;de un domicilio ubicado sobre la&nbsp;<strong>calle 3 Sur y San Francisco,<\/strong>&nbsp;a dos calles de la&nbsp;<strong>Telesecundaria Gabino Barreda<\/strong>. Ya se encontraba en&nbsp;<strong>avanzado estado de descomposici\u00f3n,<\/strong>&nbsp;pero pudo ser identificado.<\/p>\n\n\n\n<p>Sandra fue privada de la libertad&nbsp;<strong>la noche del 27 de abril&nbsp;<\/strong>en calles de la colonia&nbsp;<strong>Signoret<\/strong>&nbsp;y el rapto fue captado por c\u00e1maras de videovigilancia.<\/p>\n\n\n\n<p>La joven se dirig\u00eda a su casa cuando\u00a0<strong>un hombre comenz\u00f3 a seguirla<\/strong>. Luego, la intercept\u00f3 y\u00a0<strong>subi\u00f3 por la fuerza a un veh\u00edculo<\/strong>\u00a0que era manejado por su c\u00f3mplice.<\/p>\n\n\n\n<p>La&nbsp;<strong>Fiscal\u00eda General del Estado<\/strong>&nbsp;(FGE) present\u00f3 el&nbsp;<strong>4 de mayo<\/strong>&nbsp;a&nbsp;<strong>dos mujeres y cinco hombres&nbsp;<\/strong>que supuestamente fueron detenidos en distintos puntos de la ciudad de Puebla cuando&nbsp;<strong>se presentaron a cobrar 10 mil pesos&nbsp;<\/strong>que la familia de Sandra&nbsp;<strong>entreg\u00f3 por su rescate.<\/strong><\/p>\n\n\n\n<p>Sin embargo, familiares de los detenidos&nbsp;<strong>rechazaron esta versi\u00f3n;<\/strong>&nbsp;acusaron que&nbsp;<strong>los agentes ministeriales los sacaron de sus domicilios<\/strong>&nbsp;y no&nbsp;<strong>tienen relaci\u00f3n alguna con este il\u00edcito.<\/strong><\/p>\n\n\n\n<p>Pese a estas detenciones,&nbsp;<strong>Sandra no fue localizada<\/strong>&nbsp;por lo que su padre, dem\u00e1s seres queridos y vecinos&nbsp;<strong>se manifestaron en Casa Aguayo<\/strong>&nbsp;para presionar a las autoridades.<\/p>\n\n\n\n<p>Tambi\u00e9n realizaron&nbsp;<strong>brigadas de b\u00fasqueda<\/strong>&nbsp;en&nbsp;<strong>barrancas de Amozoc<\/strong>, pero estas nunca dieron resultados.<\/p>\n\n\n\n<p>Fuentes informaron que el domicilio abandonado donde fue hallado el cuerpo de la joven estaba&nbsp;<strong>a la vista de todos&nbsp;<\/strong>y probablemente funcionaba como&nbsp;<strong>casa de seguridad<\/strong>.<\/p>\n\n\n\n<p>El 6 de mayo el ejecutivo estatal&nbsp;<strong>pidi\u00f3 confiar en que Sandra estaba viva<\/strong>&nbsp;y asegur\u00f3 que&nbsp;<strong>habr\u00e1 justicia por este caso<\/strong>.<\/p>\n\n\n\n<p>\u201cYo estoy informado de la detenci\u00f3n de las&nbsp;<strong>siete personas<\/strong>&nbsp;(\u2026) no se pueden decir (otros detalles) porque&nbsp;<strong>es muy complicado<\/strong>, porque las investigaciones&nbsp;<strong>deben tener una secrec\u00eda absoluta<\/strong>&nbsp;y no pueden ser reveladas. Cuando la Fiscal\u00eda da a conocer la detenci\u00f3n es porque&nbsp;<strong>ya se hizo toda una investigaci\u00f3n<\/strong>. Falta el jefe de ese grupo, que&nbsp;<strong>lo tenemos identificado<\/strong>\u00ab.<\/p>\n\n\n\n<p>Ayer, cuando se cumpli\u00f3 un mes de la desaparici\u00f3n de Sandra, el gobernador&nbsp;<strong>Luis Miguel Barbosa<\/strong>&nbsp;revel\u00f3 que el&nbsp;<strong>l\u00edder de la banda es un hombre de origen colombiano<\/strong>&nbsp;que sigue pr\u00f3fugo.<\/p>\n\n\n\n<p>En tanto, las siete personas detenidas est\u00e1n&nbsp;<strong>vinculadas a proceso por secuestro.<\/strong><\/p>\n","protected":false},"excerpt":{"rendered":"<p>La&nbsp;mujer&nbsp;que anoce fue hallada sin vida en&nbsp;una cisterna de San Mateo Mendiz\u00e1bal, Amozoc s\u00ed es&nbsp;Sandra Elizabeth P\u00e9rez Portillo, la joven de&nbsp;32 a\u00f1os de edad&nbsp;secuestrada desde el pasado&nbsp;27 de abril&nbsp;en&nbsp;San Salvador Chachapa, junta auxiliar del mismo municipio. El cuerpo de Sandra&nbsp;fue emplayado&nbsp;antes de ser&nbsp;arrojado a la cisterna&nbsp;de un domicilio ubicado sobre la&nbsp;calle 3 Sur y San [&hellip;]<\/p>\n","protected":false},"author":4,"featured_media":7457,"comment_status":"open","ping_status":"open","sticky":false,"template":"","format":"standard","meta":{"om_disable_all_campaigns":false,"_monsterinsights_skip_tracking":false,"_monsterinsights_sitenote_active":false,"_monsterinsights_sitenote_note":"","_monsterinsights_sitenote_category":0,"footnotes":""},"categories":[175],"tags":[223],"class_list":["post-7456","post","type-post","status-publish","format-standard","has-post-thumbnail","hentry","category-local","tag-puebla"],"amp_enabled":true,"_links":{"self":[{"href":"https:\/\/lahora.mx\/index.php\/wp-json\/wp\/v2\/posts\/7456","targetHints":{"allow":["GET"]}}],"collection":[{"href":"https:\/\/lahora.mx\/index.php\/wp-json\/wp\/v2\/posts"}],"about":[{"href":"https:\/\/lahora.mx\/index.php\/wp-json\/wp\/v2\/types\/post"}],"author":[{"embeddable":true,"href":"https:\/\/lahora.mx\/index.php\/wp-json\/wp\/v2\/users\/4"}],"replies":[{"embeddable":true,"href":"https:\/\/lahora.mx\/index.php\/wp-json\/wp\/v2\/comments?post=7456"}],"version-history":[{"count":1,"href":"https:\/\/lahora.mx\/index.php\/wp-json\/wp\/v2\/posts\/7456\/revisions"}],"predecessor-version":[{"id":7458,"href":"https:\/\/lahora.mx\/index.php\/wp-json\/wp\/v2\/posts\/7456\/revisions\/7458"}],"wp:featuredmedia":[{"embeddable":true,"href":"https:\/\/lahora.mx\/index.php\/wp-json\/wp\/v2\/media\/7457"}],"wp:attachment":[{"href":"https:\/\/lahora.mx\/index.php\/wp-json\/wp\/v2\/media?parent=7456"}],"wp:term":[{"taxonomy":"category","embeddable":true,"href":"https:\/\/lahora.mx\/index.php\/wp-json\/wp\/v2\/categories?post=7456"},{"taxonomy":"post_tag","embeddable":true,"href":"https:\/\/lahora.mx\/index.php\/wp-json\/wp\/v2\/tags?post=7456"}],"curies":[{"name":"wp","href":"https:\/\/api.w.org\/{rel}","templated":true}]}}